{"id":43867,"date":"2026-01-03T12:06:21","date_gmt":"2026-01-03T11:06:21","guid":{"rendered":"https:\/\/forst-grunewald.de\/?p=43867"},"modified":"2026-03-23T15:56:22","modified_gmt":"2026-03-23T14:56:22","slug":"12-03-1896-konstrukteur-dr-timme-schwiebus-im-schloss","status":"publish","type":"post","link":"https:\/\/forst-grunewald.de\/?p=43867","title":{"rendered":"12.03.1896: Konstrukteur Dr. Timme, Schwiebus im Schlo\u00df"},"content":{"rendered":"<p style=\"text-align: justify;\"><a href=\"https:\/\/forst-grunewald.de\/wp-content\/uploads\/1896-03-12-Konstrukteur-Dr.-Timme-Schwiebus-im-Schloss-Vorne-und-Teilhinten-1600.jpg\" target=\"_blank\" rel=\"noopener\"><img loading=\"lazy\" decoding=\"async\" class=\"alignnone wp-image-43959\" src=\"https:\/\/forst-grunewald.de\/wp-content\/uploads\/1896-03-12-Konstrukteur-Dr.-Timme-Schwiebus-im-Schloss-Vorne-und-Teilhinten-1600.jpg\" alt=\"\" width=\"720\" height=\"395\" srcset=\"https:\/\/forst-grunewald.de\/wp-content\/uploads\/1896-03-12-Konstrukteur-Dr.-Timme-Schwiebus-im-Schloss-Vorne-und-Teilhinten-1600.jpg 1600w, https:\/\/forst-grunewald.de\/wp-content\/uploads\/1896-03-12-Konstrukteur-Dr.-Timme-Schwiebus-im-Schloss-Vorne-und-Teilhinten-1600-450x247.jpg 450w, https:\/\/forst-grunewald.de\/wp-content\/uploads\/1896-03-12-Konstrukteur-Dr.-Timme-Schwiebus-im-Schloss-Vorne-und-Teilhinten-1600-200x110.jpg 200w, https:\/\/forst-grunewald.de\/wp-content\/uploads\/1896-03-12-Konstrukteur-Dr.-Timme-Schwiebus-im-Schloss-Vorne-und-Teilhinten-1600-768x421.jpg 768w, https:\/\/forst-grunewald.de\/wp-content\/uploads\/1896-03-12-Konstrukteur-Dr.-Timme-Schwiebus-im-Schloss-Vorne-und-Teilhinten-1600-1536x842.jpg 1536w\" sizes=\"auto, (max-width: 720px) 100vw, 720px\" \/><\/a><\/p>\n<p style=\"text-align: justify;\">&nbsp;<\/p>\n<p style=\"text-align: justify;\"><span style=\"font-family: arial, helvetica, sans-serif; font-size: 12pt;\">Leider kann ich die Schreibschrift auf dem Briefumschlag nicht vollst\u00e4ndig entziffern, Ich lese:<\/span><\/p>\n<p style=\"text-align: justify;\"><span style=\"font-family: arial, helvetica, sans-serif; font-size: 12pt;\">Aus Charlottenburg 3 (<a href=\"https:\/\/www.blocksignal.de\/indexg.php?w=pan\" target=\"_blank\" rel=\"noopener\">damals<\/a> Postamt Charlottenburg 3 in der Bismarckstra\u00dfe 3)<\/span><br \/>\n<span style=\"font-family: arial, helvetica, sans-serif; font-size: 12pt;\">per Einschreiben an:<\/span><\/p>\n<blockquote><p><span style=\"font-family: arial, helvetica, sans-serif; font-size: 12pt;\">Herrn Konstrukteur Dr. Timme<\/span><br \/>\n<span style=\"font-family: arial, helvetica, sans-serif; font-size: 12pt;\">Hochwohlgeborene (r?)<\/span><br \/>\n<span style=\"font-family: arial, helvetica, sans-serif; font-size: 12pt;\">(Wort kann ich nicht lesen)&nbsp; &nbsp;&#8211;&nbsp; &nbsp; Schwiebus<\/span><br \/>\n<span style=\"font-family: arial, helvetica, sans-serif; font-size: 12pt;\">____________<\/span><br \/>\n<span style=\"font-family: arial, helvetica, sans-serif; font-size: 12pt;\">im Schlo\u00df<\/span><\/p><\/blockquote>\n<p style=\"text-align: justify;\"><span style=\"font-family: arial, helvetica, sans-serif; font-size: 12pt;\">In der N\u00e4he des fr\u00fcheren Schwiebus, dem heutigen <a href=\"https:\/\/de.wikipedia.org\/wiki\/%C5%9Awiebodzin#\" target=\"_blank\" rel=\"noopener\">\u015awiebodzin<\/a>, befanden\/befinden sich, soweit ich dies herausfinden konnte, drei Schl\u00f6sser:<\/span><\/p>\n<ol style=\"text-align: justify;\">\n<li><span style=\"font-family: arial, helvetica, sans-serif; font-size: 12pt;\"><a href=\"https:\/\/de.wikipedia.org\/wiki\/Schloss_Wilkau\" target=\"_blank\" rel=\"noopener\">Schloss Wilkau<\/a> \/ polnisch <em>Pa\u0142ac w Wilkowie &#8211; <a href=\"https:\/\/forst-grunewald.de\/wp-content\/uploads\/Schwiebus-Schloss-Wilkau.png\" target=\"_blank\" rel=\"noopener\">etwa 5 km<\/a> von Schwiebus entfernt.<\/em><\/span><\/li>\n<li><span style=\"font-family: arial, helvetica, sans-serif; font-size: 12pt;\"><a href=\"https:\/\/de.wikipedia.org\/wiki\/Schloss_Z\u00fcllichau\" target=\"_blank\" rel=\"noopener\">Schloss Z\u00fcllichau<\/a> \/ polnisch <em>Zamek Ksi\u0105\u017c\u0119cy w Sulechowie &#8211; <a href=\"https:\/\/forst-grunewald.de\/wp-content\/uploads\/Schwiebus-Schloss-Zuellichau.png\" target=\"_blank\" rel=\"noopener\">etwa 20 km<\/a> von Schwiebus entfernt.<\/em><\/span><\/li>\n<li><span style=\"font-family: arial, helvetica, sans-serif; font-size: 12pt;\"><a href=\"https:\/\/www.google.com\/search?client=firefox-b-d&amp;q=Schloss+Klemzig\" target=\"_blank\" rel=\"noopener\">Schloss Klemzig<\/a>\/Philipsborn\/ polnisch <em>Palac w Klepsku\/Pa\u0142ac Philipsborn\u00f3w &#8211; <a href=\"https:\/\/forst-grunewald.de\/wp-content\/uploads\/Schwiebus-Schloss-Klemzig.png\" target=\"_blank\" rel=\"noopener\">etwa 30 km<\/a> von Schwiebus entfernt.<br \/>\n<\/em>bei <a href=\"https:\/\/de.wikipedia.org\/wiki\/Kl%C4%99psk\" target=\"_blank\" rel=\"noopener\">Klemzig<\/a>\/<em>Kl\u0119psk<\/em><\/span><\/li>\n<\/ol>\n<p style=\"text-align: justify;\"><span style=\"font-family: arial, helvetica, sans-serif; font-size: 12pt;\">Zu 1.: Bei Wikepdia hier noch ein (weiteres?) &#8222;Schloss Schwiebus&#8220; bei \u015awiebodzin gelistet: <a href=\"https:\/\/upload.wikimedia.org\/wikipedia\/commons\/3\/37\/Swiebodzin_zamek.jpg\" target=\"_blank\" rel=\"noopener\">Foto<\/a>.<\/span><\/p>\n<p style=\"text-align: justify;\"><span style=\"font-family: arial, helvetica, sans-serif; font-size: 12pt;\">Auf der Webseite &#8222;Polska-Org&#8220; wird das Schlo\u00df Schwiebus (Schloss \u015awiebodzin) wie folgt lokalisiert und es werden dort zahlreiche Postkartenmotive abgebildet:<\/span><\/p>\n<p style=\"text-align: justify;\"><span style=\"font-family: arial, helvetica, sans-serif; font-size: 12pt;\">\u2192 <a href=\"https:\/\/polska-org.pl\/7397275,Swiebodzin,Zamek_Swiebodzin.html\" target=\"_blank\" rel=\"noopener\">https:\/\/polska-org.pl\/7397275,Swiebodzin,Zamek_Swiebodzin.html<\/a><\/span><br \/>\n<span style=\"font-family: arial, helvetica, sans-serif; font-size: 12pt;\">\u2192 Schloss und katholische Kirche um <a href=\"https:\/\/polska-org.pl\/9390542,foto.html?idEntity=7397275\" target=\"_blank\" rel=\"noopener\">vor 1899<\/a> und Schloss Schiebus <a href=\"https:\/\/polska-org.pl\/8995202,foto.html?idEntity=7397275\" target=\"_blank\" rel=\"noopener\">vor 1906<\/a>&nbsp;<\/span><\/p>\n<p style=\"text-align: justify;\"><span style=\"font-family: arial, helvetica, sans-serif; font-size: 12pt;\">Leider enth\u00e4lt der Brief keinen Absender. Falls ich &#8222;<em>Konstrukteur<\/em>&#8220; richtig entziffert habe, k\u00f6nnte es vielleicht sein, dass auf &#8222;Schloss Schwiebus&#8220; um 1896 Bauarbeiten stattgefunden haben und &#8222;Dr. Timme&#8220; mit diesen Bauma\u00dfnahmen befasst war? Aber das ist nur eine einfache Vermutung.<\/span><\/p>\n<p style=\"text-align: justify;\"><span style=\"font-family: arial, helvetica, sans-serif; font-size: 12pt;\">Erworben habe ich den Brief, weil er mit den beiden &#8222;Bunten Marken&#8220; recht h\u00fcbsch aussieht und sich vielleicht sp\u00e4ter noch mehr \u00fcber seine Geschichte herausfinden l\u00e4sst. Der Brief ist frankiert mit Deutsche Reichspost, Reichsadler im Kreis, <a href=\"https:\/\/de.wikipedia.org\/wiki\/Briefmarken-Jahrgang_1889_der_Deutschen_Reichspost\" target=\"_blank\" rel=\"noopener\">Michelnummer 47 (10 Pfennig) und 48 (20 Pfennig)<\/a>. Erworben \u00fcber ebay am 03.01.2025 f\u00fcr insgesamt 6,30 \u20ac.<\/span><\/p>\n<p>&nbsp;<\/p>\n<p>&nbsp;<\/p>\n","protected":false},"excerpt":{"rendered":"<p>&nbsp; Leider kann ich die Schreibschrift auf dem Briefumschlag nicht vollst\u00e4ndig entziffern, Ich lese: Aus Charlottenburg 3 (damals Postamt Charlottenburg 3 in der Bismarckstra\u00dfe 3)&hellip;<\/p>\n","protected":false},"author":1,"featured_media":0,"comment_status":"closed","ping_status":"closed","sticky":false,"template":"","format":"standard","meta":{"ngg_post_thumbnail":0,"iawp_total_views":5,"footnotes":""},"categories":[505],"tags":[],"class_list":["post-43867","post","type-post","status-publish","format-standard","hentry","category-briefmarkengeschichte"],"_links":{"self":[{"href":"https:\/\/forst-grunewald.de\/index.php?rest_route=\/wp\/v2\/posts\/43867","targetHints":{"allow":["GET"]}}],"collection":[{"href":"https:\/\/forst-grunewald.de\/index.php?rest_route=\/wp\/v2\/posts"}],"about":[{"href":"https:\/\/forst-grunewald.de\/index.php?rest_route=\/wp\/v2\/types\/post"}],"author":[{"embeddable":true,"href":"https:\/\/forst-grunewald.de\/index.php?rest_route=\/wp\/v2\/users\/1"}],"replies":[{"embeddable":true,"href":"https:\/\/forst-grunewald.de\/index.php?rest_route=%2Fwp%2Fv2%2Fcomments&post=43867"}],"version-history":[{"count":31,"href":"https:\/\/forst-grunewald.de\/index.php?rest_route=\/wp\/v2\/posts\/43867\/revisions"}],"predecessor-version":[{"id":43962,"href":"https:\/\/forst-grunewald.de\/index.php?rest_route=\/wp\/v2\/posts\/43867\/revisions\/43962"}],"wp:attachment":[{"href":"https:\/\/forst-grunewald.de\/index.php?rest_route=%2Fwp%2Fv2%2Fmedia&parent=43867"}],"wp:term":[{"taxonomy":"category","embeddable":true,"href":"https:\/\/forst-grunewald.de\/index.php?rest_route=%2Fwp%2Fv2%2Fcategories&post=43867"},{"taxonomy":"post_tag","embeddable":true,"href":"https:\/\/forst-grunewald.de\/index.php?rest_route=%2Fwp%2Fv2%2Ftags&post=43867"}],"curies":[{"name":"wp","href":"https:\/\/api.w.org\/{rel}","templated":true}]}}