{"id":43860,"date":"2025-12-28T20:12:28","date_gmt":"2025-12-28T19:12:28","guid":{"rendered":"https:\/\/forst-grunewald.de\/?p=43860"},"modified":"2026-03-24T20:12:49","modified_gmt":"2026-03-24T19:12:49","slug":"conde-de-matzenau","status":"publish","type":"post","link":"https:\/\/forst-grunewald.de\/?p=43860","title":{"rendered":"Conde de Matzenau"},"content":{"rendered":"<p style=\"text-align: justify;\"><span style=\"font-family: arial, helvetica, sans-serif; font-size: 12pt;\"><a href=\"https:\/\/forst-grunewald.de\/wp-content\/uploads\/1923-10-15-Carl-Gonde-de-Matzenau-Berlin-Grunewald-klein.jpg\" target=\"_blank\" rel=\"noopener\"><img loading=\"lazy\" decoding=\"async\" class=\"alignright wp-image-43964\" src=\"https:\/\/forst-grunewald.de\/wp-content\/uploads\/1923-10-15-Carl-Gonde-de-Matzenau-Berlin-Grunewald-klein.jpg\" alt=\"\" width=\"350\" height=\"443\" srcset=\"https:\/\/forst-grunewald.de\/wp-content\/uploads\/1923-10-15-Carl-Gonde-de-Matzenau-Berlin-Grunewald-klein.jpg 1600w, https:\/\/forst-grunewald.de\/wp-content\/uploads\/1923-10-15-Carl-Gonde-de-Matzenau-Berlin-Grunewald-klein-237x300.jpg 237w, https:\/\/forst-grunewald.de\/wp-content\/uploads\/1923-10-15-Carl-Gonde-de-Matzenau-Berlin-Grunewald-klein-1265x1600.jpg 1265w, https:\/\/forst-grunewald.de\/wp-content\/uploads\/1923-10-15-Carl-Gonde-de-Matzenau-Berlin-Grunewald-klein-119x150.jpg 119w, https:\/\/forst-grunewald.de\/wp-content\/uploads\/1923-10-15-Carl-Gonde-de-Matzenau-Berlin-Grunewald-klein-768x972.jpg 768w, https:\/\/forst-grunewald.de\/wp-content\/uploads\/1923-10-15-Carl-Gonde-de-Matzenau-Berlin-Grunewald-klein-1214x1536.jpg 1214w\" sizes=\"auto, (max-width: 350px) 100vw, 350px\" \/><\/a>Hier eine Postkarte, welche vermutlich von einem der Verfasser des 1921 erschienenen Werkes:<\/span><\/p>\n<p style=\"text-align: justify;\"><a href=\"https:\/\/books.google.de\/books\/about\/Die_deutsche_Luftpost.html?id=ANTAnQEACAAJ&amp;redir_esc=y\" target=\"_blank\" rel=\"noopener\"><span style=\"font-family: arial, helvetica, sans-serif; font-size: 12pt;\">Die deutsche Luftpost: Wertzeichen u. Abstemplungen; Versuch e. Katalogisierung<\/span><\/a><\/p>\n<p style=\"text-align: justify;\"><span style=\"font-family: arial, helvetica, sans-serif; font-size: 12pt;\">stammt. Postalisch gelaufen am 15.10.1923 von Berlin nach Magdeburg. Frankiert mit Michelnummer <a href=\"https:\/\/de.wikipedia.org\/wiki\/Briefmarken-Jahrgang_1923_der_Deutschen_Reichspost\" target=\"_blank\" rel=\"noopener\">1923\/314 A<\/a>, 2x 1 Millionen Mark.<\/span><\/p>\n<p style=\"text-align: justify;\"><span style=\"font-family: arial, helvetica, sans-serif; font-size: 12pt;\">Interessant ist, dass er hier noch zum Zeitpunkt der Hochinflation Briefmarken-Kaufanfragen verschickt. In diesem Fall an Herrn Richard Rennert in Magdeburg. Dabei beruft er sich auf Herrn Landrichter Dr. Glogowski als Referenzgeber. Hierbei k\u00f6nnte es sich um Joseph Ernst Glogowski (30. Juni 1890 bis 24. Januar 1943) handeln \u2192 <a href=\"https:\/\/de.wikipedia.org\/wiki\/Liste_der_Stolpersteine_in_Magdeburg-Leipziger_Stra%C3%9Fe\" target=\"_blank\" rel=\"noopener\">Liste der Stoplersteine in Mageburg, Leipziger Stra\u00dfe<\/a> und \u2192 <a href=\"https:\/\/www.magdeburg.de\/PDF\/Glogowski_Familie.PDF?ObjSvrID=698&amp;ObjID=17949&amp;ObjLa=1&amp;Ext=PDF\" target=\"_blank\" rel=\"noopener\">Biografie Familie Glogowski<\/a>. M\u00f6glicherweise ist dieser Glogowski auch der Autor des 1929 erschienenen Werkes: <a href=\"https:\/\/www.google.de\/search?tbm=bks&amp;hl=de&amp;q=Das+Kgl.+S%C3%A4chs.+6.+Infanterie-Regiment+Nr.+105+%22K%C3%B6nig+Wilhelm+II.+von+W%C3%BCrttemberg%22\" target=\"_blank\" rel=\"noopener\">Das K\u00f6niglich S\u00e4chsische 6. Infanterie-Regiment Nr. 105 &#8222;K\u00f6nig Wilhelm II. von W\u00fcrttemberg&#8220;.<\/a><\/span><\/p>\n<p style=\"text-align: justify;\"><span style=\"font-family: arial, helvetica, sans-serif; font-size: 12pt;\">Erworben \u00fcber ebay am 28.12.2025 f\u00fcr insgesamt 5,45 \u20ac.<\/span><\/p>\n<p style=\"text-align: justify;\">&nbsp;<\/p>\n","protected":false},"excerpt":{"rendered":"<p>Hier eine Postkarte, welche vermutlich von einem der Verfasser des 1921 erschienenen Werkes: Die deutsche Luftpost: Wertzeichen u. Abstemplungen; Versuch e. Katalogisierung stammt. Postalisch gelaufen&hellip;<\/p>\n","protected":false},"author":1,"featured_media":0,"comment_status":"closed","ping_status":"closed","sticky":false,"template":"","format":"standard","meta":{"ngg_post_thumbnail":0,"iawp_total_views":3,"footnotes":""},"categories":[1,505],"tags":[],"class_list":["post-43860","post","type-post","status-publish","format-standard","hentry","category-allgemein","category-briefmarkengeschichte"],"_links":{"self":[{"href":"https:\/\/forst-grunewald.de\/index.php?rest_route=\/wp\/v2\/posts\/43860","targetHints":{"allow":["GET"]}}],"collection":[{"href":"https:\/\/forst-grunewald.de\/index.php?rest_route=\/wp\/v2\/posts"}],"about":[{"href":"https:\/\/forst-grunewald.de\/index.php?rest_route=\/wp\/v2\/types\/post"}],"author":[{"embeddable":true,"href":"https:\/\/forst-grunewald.de\/index.php?rest_route=\/wp\/v2\/users\/1"}],"replies":[{"embeddable":true,"href":"https:\/\/forst-grunewald.de\/index.php?rest_route=%2Fwp%2Fv2%2Fcomments&post=43860"}],"version-history":[{"count":14,"href":"https:\/\/forst-grunewald.de\/index.php?rest_route=\/wp\/v2\/posts\/43860\/revisions"}],"predecessor-version":[{"id":43971,"href":"https:\/\/forst-grunewald.de\/index.php?rest_route=\/wp\/v2\/posts\/43860\/revisions\/43971"}],"wp:attachment":[{"href":"https:\/\/forst-grunewald.de\/index.php?rest_route=%2Fwp%2Fv2%2Fmedia&parent=43860"}],"wp:term":[{"taxonomy":"category","embeddable":true,"href":"https:\/\/forst-grunewald.de\/index.php?rest_route=%2Fwp%2Fv2%2Fcategories&post=43860"},{"taxonomy":"post_tag","embeddable":true,"href":"https:\/\/forst-grunewald.de\/index.php?rest_route=%2Fwp%2Fv2%2Ftags&post=43860"}],"curies":[{"name":"wp","href":"https:\/\/api.w.org\/{rel}","templated":true}]}}