{"id":40999,"date":"2023-01-28T14:30:19","date_gmt":"2023-01-28T13:30:19","guid":{"rendered":"https:\/\/iuzb.de\/?p=40999"},"modified":"2023-11-05T16:23:40","modified_gmt":"2023-11-05T15:23:40","slug":"ein-kleines-schaetzchen-ist","status":"publish","type":"post","link":"https:\/\/forst-grunewald.de\/?p=40999","title":{"rendered":"Ein kleines Sch\u00e4tzchen ist&#8230;.."},"content":{"rendered":"<p>&#8230; diese unscheinbare DEGUSSA-Werbe-Wanduhr:<\/p>\n<p><a href=\"https:\/\/iuzb.de\/wp-content\/uploads\/2023\/01\/2023-01-28-Reinhold-Weiss-Degussa-DSC04602-klein-1600.jpg\" target=\"_blank\" rel=\"noopener\"><img loading=\"lazy\" decoding=\"async\" class=\"alignnone wp-image-41003\" src=\"https:\/\/iuzb.de\/wp-content\/uploads\/2023\/01\/2023-01-28-Reinhold-Weiss-Degussa-DSC04602-klein-1600.jpg\" alt=\"\" width=\"800\" height=\"600\"><\/a><\/p>\n<p style=\"text-align: justify;\">Hierbei handelt es sich um eine Abwandlung einer vom Designer <a href=\"https:\/\/de.wikipedia.org\/wiki\/Reinhold_Weiss\" target=\"_blank\" rel=\"noopener\">Reinhold Weiss<\/a> entworfene Wanduhr, &#8222;<strong>Model 5W1&#8243;<\/strong>.<\/p>\n<p style=\"text-align: justify;\">Diese (Original)Modelle gibt es in den Farben schwarz und wei\u00df:<\/p>\n<ul>\n<li style=\"text-align: justify;\">ohne Ziffernblatt-Logo mit dem r\u00fcckseitigen Aufdruck<br \/>\n&#8222;<strong>REINHOLD WEISS DESIGN \/ CHICAGO<\/strong>&#8220; und<\/li>\n<li style=\"text-align: justify;\">mit Ziffernblatt-Logo von &#8222;<a href=\"https:\/\/de.wikipedia.org\/wiki\/Junghans\" target=\"_blank\" rel=\"noopener\">Junghans<\/a>&#8220; und<\/li>\n<li style=\"text-align: justify;\">auf der R\u00fcckseite mal gar nichts und mal in verschiedenen Kombinationen &#8222;Made in France&#8220;, &#8222;Reinhold Weiss Design \/ Chicago&#8220;&nbsp; und\/oder &#8222;Model 5W1&#8220;.<\/li>\n<\/ul>\n<p style=\"text-align: justify;\">Junghans verkaufte diese Uhr von 1991 bis 1993 unter der Katalognummer 368-6640 (schwarz) und 368-6441 (wei\u00df) f\u00fcr damals 59,00 DM.<\/p>\n<p><a href=\"https:\/\/iuzb.de\/wp-content\/uploads\/2023\/01\/1990-368-6640-und-368-6641.jpg\" target=\"_blank\" rel=\"noopener\"><img loading=\"lazy\" decoding=\"async\" class=\"alignnone wp-image-41012\" src=\"https:\/\/iuzb.de\/wp-content\/uploads\/2023\/01\/1990-368-6640-und-368-6641.jpg\" alt=\"\" width=\"181\" height=\"250\"> <\/a><a href=\"https:\/\/iuzb.de\/wp-content\/uploads\/2023\/01\/1993-368-6640-und-368-6641.jpg\" target=\"_blank\" rel=\"noopener\"><img loading=\"lazy\" decoding=\"async\" class=\"alignnone wp-image-41013\" src=\"https:\/\/iuzb.de\/wp-content\/uploads\/2023\/01\/1993-368-6640-und-368-6641.jpg\" alt=\"\" width=\"380\" height=\"250\"><\/a><\/p>\n<p style=\"text-align: justify;\">Sie ist aus ABS, verglast und hat einen Durchmesser von 23 cm. Verbaut ist ein (leider laut tickendes) Quartz-Werk Junghans W738 bzw. W737. Bei der Verglasung handelt es sich meiner Ansicht nach jedoch nur um Plastik. Mit einem geeigneten Werkzeug kann die Verglasung herausgel\u00f6st werden, jedoch ist Vorsicht geboten, da die Gefahr des Bruchs oder Verkratzung besteht. Ich hatte es getan, um den ungenau laufenden Stundenzeiger neu zu justieren.<\/p>\n<p style=\"text-align: justify;\">Reinhold Weiss ist ein ehemaliger BRAUN-Designer. 1967 zog er nach Chicago.<\/p>\n<p style=\"text-align: justify;\">Nach seiner T\u00e4tigkeit bei Braun war Weiss vier Jahre lang als Executive Designer und Vizepr\u00e4sident von <a href=\"https:\/\/en.wikipedia.org\/wiki\/Unimark_International\" target=\"_blank\" rel=\"noopener\">Unimark International<\/a> t\u00e4tig und arbeitete vom Hauptsitz des Unternehmens in Chicago aus. 1971 gr\u00fcndete Weiss seine eigene Designberatung Reinhold Weiss Design Incorporated, ebenfalls mit Sitz in Chicago, die er bis 2006 als Pr\u00e4sident leitete (<a href=\"https:\/\/neubauberlin.com\/project\/nb-akademie-rund\/\" target=\"_blank\" rel=\"noopener\">Quelle<\/a>].<\/p>\n<p style=\"text-align: justify;\">Auf einer Verkaufsplattform wurde die Uhr einmal von einem mir unbekannten Verk\u00e4ufer wie folgt feilgeboten bzw. beschrieben:<\/p>\n<blockquote>\n<p style=\"text-align: justify;\"><strong>Die Wanduhr, die es eigentlich gar nicht gibt!<\/strong><\/p>\n<p style=\"text-align: justify;\">Diese Wanduhr ist eine absolute Rarit\u00e4t! 1985 von Reinhold Weiss (fr\u00fcherer Designer bei BRAUN) f\u00fcr die Firma DIEHL entworfen, wurde das Projekt gestoppt und kam zu JUNGHANS, wo eine Nullserie produziert wurde, (die meisten Uhren ohne JUNGHANS Markung). Danach wurde das Projekt eingestellt und der Kontakt zu R. Weiss abgebrochen. Eine Wanduhr dieses Typs ist schon sehr selten. Eine Uhr mit dem Firmenlogo ist ungef\u00e4hr so selten wir eine Marienerscheinung.<\/p>\n<\/blockquote>\n<p style=\"text-align: justify;\">Was die Seltenheit mit Logo betrifft, so ist anzumerken, dass die Uhr von Junghans 3 Jahre lang \u00fcber Katalog angeboten wurde. Allerdings ist das jetzt auch 30 Jahre her.<\/p>\n<p style=\"text-align: justify;\">Von daher mag die Einsch\u00e4tzung als &#8222;absolute Rarit\u00e4t&#8220; zutreffen, wobei die Besonderheit dieser Uhr sicher nicht nur in dem modernen und zeitlosen Design selbst liegt, sondern auch, dass sie einem herausragenden Produktdesigner der Nachkriegszeit zugeordnet werden kann.<\/p>\n<p style=\"text-align: justify;\"><a href=\"https:\/\/iuzb.de\/wp-content\/uploads\/2023\/01\/2022-05-21-Junghans-DSC03859-mit-Fale-BRAUN-LOGO-klein.jpg\" target=\"_blank\" rel=\"noopener\"><img loading=\"lazy\" decoding=\"async\" class=\"alignright wp-image-41007\" src=\"https:\/\/iuzb.de\/wp-content\/uploads\/2023\/01\/2022-05-21-Junghans-DSC03859-mit-Fale-BRAUN-LOGO-klein.jpg\" alt=\"\" width=\"250\" height=\"235\"><\/a>Ich habe auch schon gelesen, dass es sich bei dieser Uhr um eine BRAUN-Uhr handeln soll. Dies ist m.W. aber falsch. Allerdings kommt bei dieser Uhr eine bestimmbare Designersprache zum Ausdruck, so dass es eigentlich egal ist, was f\u00fcr ein Logo auf der Uhr klebt, wie das Fake-Bild rechts veranschaulicht.<\/p>\n<p style=\"text-align: justify;\">Aber wenn das Bild echt w\u00e4re, so w\u00fcrde wohl niemand Zweifel haben, dass die Uhr auch von der Marke BRAUN stammen k\u00f6nnte. Von daher stimmt schon die obige Verkaufsbeschreibung: &#8222;<strong>Die Wanduhr, die es eigentlich gar nicht gibt!<\/strong>&#8222;<\/p>\n<p style=\"text-align: justify;\">Oder anders herum: Junghans hatte hier damals eine echte BRAUN-Uhr im Angebot. \ud83d\ude09<\/p>\n<p style=\"text-align: justify;\">Hier noch einige Fotos der Originale:<\/p>\n<p>&nbsp;<\/p>\n<p><a href=\"https:\/\/iuzb.de\/wp-content\/uploads\/2023\/01\/2022-05-21-junghans-dsc03859-klein.jpg\" target=\"_blank\" rel=\"noopener\"><img loading=\"lazy\" decoding=\"async\" class=\"alignnone wp-image-41008\" src=\"https:\/\/iuzb.de\/wp-content\/uploads\/2023\/01\/2022-05-21-junghans-dsc03859-klein.jpg\" alt=\"\" width=\"800\" height=\"600\"><\/a><a href=\"https:\/\/iuzb.de\/wp-content\/uploads\/2023\/01\/2022-06-05-reinhold-weiss-dsc03878-klein.jpg\" target=\"_blank\" rel=\"noopener\"><img loading=\"lazy\" decoding=\"async\" class=\"alignnone wp-image-41009\" src=\"https:\/\/iuzb.de\/wp-content\/uploads\/2023\/01\/2022-06-05-reinhold-weiss-dsc03878-klein.jpg\" alt=\"\" width=\"800\" height=\"600\"><\/a><\/p>\n<p><a href=\"https:\/\/iuzb.de\/wp-content\/uploads\/2023\/01\/2022-06-05-reinhold-weiss-dsc03879-klein.jpg\" target=\"_blank\" rel=\"noopener\"><img loading=\"lazy\" decoding=\"async\" class=\"alignnone wp-image-41010\" src=\"https:\/\/iuzb.de\/wp-content\/uploads\/2023\/01\/2022-06-05-reinhold-weiss-dsc03879-klein.jpg\" alt=\"\" width=\"800\" height=\"600\"><\/a><\/p>\n<p><a href=\"https:\/\/iuzb.de\/wp-content\/uploads\/2023\/01\/2022-06-05-reinhold-weiss-dsc03875-und-76-junghans-klein.jpg\" target=\"_blank\" rel=\"noopener\"><img loading=\"lazy\" decoding=\"async\" class=\"alignnone wp-image-41011\" src=\"https:\/\/iuzb.de\/wp-content\/uploads\/2023\/01\/2022-06-05-reinhold-weiss-dsc03875-und-76-junghans-klein.jpg\" alt=\"\" width=\"800\" height=\"665\"><\/a><\/p>\n<p style=\"text-align: justify;\">Bei der DEGUSSA Werbeuhr steht auf der R\u00fcckseite gar nichts. Interessant ist bei dieser Uhr noch, dass sie auf der R\u00fcckseite, sowie in der \u00e4u\u00dferen und inneren Umrandung schwarz ist, auf der Vorderseite jedoch wei\u00df.<\/p>\n<p style=\"text-align: justify;\">Das Zahn-Logo ist klar, offensichtlich handelt es sich um eine Wanduhr, welche zum aufh\u00e4ngen in Zahnarztpraxen gedacht ist.<\/p>\n<ul>\n<li style=\"text-align: justify;\"><strong>Mit dem gelben Caro kann ich leider nichts anfagen, aber vielleicht ja SIE?<\/strong><\/li>\n<\/ul>\n<p>U.G.&nbsp; \ud83d\ude42<\/p>\n","protected":false},"excerpt":{"rendered":"<p>&#8230; diese unscheinbare DEGUSSA-Werbe-Wanduhr: Hierbei handelt es sich um eine Abwandlung einer vom Designer Reinhold Weiss entworfene Wanduhr, &#8222;Model 5W1&#8243;. Diese (Original)Modelle gibt es in&hellip;<\/p>\n","protected":false},"author":1,"featured_media":0,"comment_status":"open","ping_status":"closed","sticky":false,"template":"","format":"standard","meta":{"ngg_post_thumbnail":0,"iawp_total_views":3,"footnotes":""},"categories":[585],"tags":[],"class_list":["post-40999","post","type-post","status-publish","format-standard","hentry","category-zahngeschichte"],"_links":{"self":[{"href":"https:\/\/forst-grunewald.de\/index.php?rest_route=\/wp\/v2\/posts\/40999","targetHints":{"allow":["GET"]}}],"collection":[{"href":"https:\/\/forst-grunewald.de\/index.php?rest_route=\/wp\/v2\/posts"}],"about":[{"href":"https:\/\/forst-grunewald.de\/index.php?rest_route=\/wp\/v2\/types\/post"}],"author":[{"embeddable":true,"href":"https:\/\/forst-grunewald.de\/index.php?rest_route=\/wp\/v2\/users\/1"}],"replies":[{"embeddable":true,"href":"https:\/\/forst-grunewald.de\/index.php?rest_route=%2Fwp%2Fv2%2Fcomments&post=40999"}],"version-history":[{"count":1,"href":"https:\/\/forst-grunewald.de\/index.php?rest_route=\/wp\/v2\/posts\/40999\/revisions"}],"predecessor-version":[{"id":41253,"href":"https:\/\/forst-grunewald.de\/index.php?rest_route=\/wp\/v2\/posts\/40999\/revisions\/41253"}],"wp:attachment":[{"href":"https:\/\/forst-grunewald.de\/index.php?rest_route=%2Fwp%2Fv2%2Fmedia&parent=40999"}],"wp:term":[{"taxonomy":"category","embeddable":true,"href":"https:\/\/forst-grunewald.de\/index.php?rest_route=%2Fwp%2Fv2%2Fcategories&post=40999"},{"taxonomy":"post_tag","embeddable":true,"href":"https:\/\/forst-grunewald.de\/index.php?rest_route=%2Fwp%2Fv2%2Ftags&post=40999"}],"curies":[{"name":"wp","href":"https:\/\/api.w.org\/{rel}","templated":true}]}}