{"id":3701,"date":"2013-02-26T12:30:59","date_gmt":"2013-02-26T11:30:59","guid":{"rendered":"http:\/\/forst-grunewald.de\/?p=3701"},"modified":"2019-01-02T21:11:56","modified_gmt":"2019-01-02T20:11:56","slug":"risiken-der-elefantenhaltung-im-tierpark","status":"publish","type":"post","link":"https:\/\/forst-grunewald.de\/?p=3701","title":{"rendered":"Risiken der Elefantenhaltung im Tierpark"},"content":{"rendered":"<p>Kleine Anfrage &#8211; Drucksache <a href=\"http:\/\/www.parlament-berlin.de:8080\/starweb\/adis\/citat\/VT\/17\/KlAnfr\/ka17-11435.pdf\" target=\"_blank\" rel=\"noopener\">17\/11435<\/a><br \/>\nder Abgeordneten <a href=\"http:\/\/www.claudia-haemmerling.de\/\" target=\"_blank\" rel=\"noopener\">Claudia H\u00e4mmerling<\/a> (GR\u00dcNE)<br \/>\nvom 15. Januar 2013 (Eingang beim Abgeordnetenhaus am 16. Januar 2013) und Antwort vom 01. Februar 2013<br \/>\n<strong>Risiken der Elefantenhaltung im Tierpark<\/strong><\/p>\n<p>&nbsp;<\/p>\n<p>Im Namen des Senats von Berlin beantworte ich Ihre Kleine Anfrage wie folgt:<\/p>\n<p><strong>1.<\/strong> Wie bewertet der Senat die Tatsache, dass in keinem Zoo weltweit in den letzten Jahren so viele signifikante \u00dcbergriffe von Elefanten dokumentiert wurden wie im <a href=\"http:\/\/www.tierpark-berlin.de\/tierpark.html\" target=\"_blank\" rel=\"noopener\">Tierpark Berlin<\/a><\/p>\n<ul>\n<li>24.10.2008 Pfleger Andreas B. von \u201e<a href=\"http:\/\/www.zooelefant.de\/pages\/deutsche-zoos\/tierpark-berlin\/afrikanische-elefanten-im-tierpark-berlin.php\" target=\"_blank\" rel=\"noopener\">Bibi<\/a>\u201c angegriffen und verletzt;<\/li>\n<li>29.08.2008 Pfleger Andreas B. von \u201e<a href=\"http:\/\/www.zooelefant.de\/pages\/deutsche-zoos\/tierpark-berlin\/afrikanische-elefanten-im-tierpark-berlin.php\" target=\"_blank\" rel=\"noopener\">Panya<\/a>\u201c angegriffen, \u201ePanya\u201c wurde daraufhin verpr\u00fcgelt;<\/li>\n<li>21.05.2008 Pfleger von \u201e<a href=\"http:\/\/www.zooelefant.de\/pages\/deutsche-zoos\/tierpark-berlin\/afrikanische-elefanten-im-tierpark-berlin.php\" target=\"_blank\" rel=\"noopener\">Bibi<\/a>\u201c angegriffen;<\/li>\n<li>23.10.2007 Pfleger von \u201e<a href=\"http:\/\/www.zooelefant.de\/pages\/deutsche-zoos\/tierpark-berlin\/afrikanische-elefanten-im-tierpark-berlin.php\" target=\"_blank\" rel=\"noopener\">Bibi<\/a>\u201c angegriffen;<\/li>\n<li>30.09.2006 Pfleger Ingolf K. von \u201e<a href=\"http:\/\/www.zooelefant.de\/pages\/deutsche-zoos\/tierpark-berlin\/afrikanische-elefanten-im-tierpark-berlin.php\" target=\"_blank\" rel=\"noopener\">Mafuta<\/a>\u201c angegriffen und schwer verletzt?<\/li>\n<\/ul>\n<p style=\"padding-left: 30px;\">Zu 1.: Dem Senat liegen dazu keine eigenen Erkenntnisse vor, die eine Bewertung zulassen.<\/p>\n<p><strong>2.<\/strong> Wie bewertet der Senat, dass in Folge der schweren Verletzung des Pflegers die Elefantenkuh \u201eMafuta\u201c an den Zoo Halle abgegeben wurde und die <a href=\"http:\/\/de.wikipedia.org\/wiki\/Afrikanischer_Elefant\" target=\"_blank\" rel=\"noopener\">Afrikanischen Elefanten<\/a> \u00fcberwiegend im gesch\u00fctzten Kontakt gehalten werden, w\u00e4hrend die <a href=\"http:\/\/de.wikipedia.org\/wiki\/Asiatischer_Elefant\" target=\"_blank\" rel=\"noopener\">Asiatischen Elefanten<\/a> weiter im direkten Kontakt mit den Pflegern gehalten werden?<\/p>\n<p style=\"padding-left: 30px;\">Zu 2.: Die Haltung von Elefanten in direktem Kontakt unterliegt nicht per se einem Verbot. Nach Auffassung des Senats ist jedoch eine Haltung von Elefanten im gesch\u00fctzten Kontakt vorzuziehen und anzustreben.<\/p>\n<p><strong>3.<\/strong> Wie bewertet der Senat, dass die im direkten Kontakt gehaltenen Elefanten von den Pflegern regelm\u00e4\u00dfig mit Schl\u00e4gen und durch Stechen mit Elefantenhaken unterworfen werden, um sich Respekt zu verschaffen?<\/p>\n<p style=\"padding-left: 30px;\">Zu 3.: Der Senat bewertet tierschutzwidrige Zust\u00e4nde als nicht zul\u00e4ssig. Das zust\u00e4ndige <a href=\"http:\/\/service.berlin.de\/veterinaer-lebensmittelaufsichtsaemter\/\" target=\"_blank\" rel=\"noopener\">Veterin\u00e4r- und Lebensmittelaufsichtsamt<\/a> (VetLeb) hat dem Senat zu dem konkreten Sachverhalt auf Anfrage mitgeteilt, dass es sich bei der Elefantenhaltung des Tierparks um eine genehmigte Form der Tierhaltung handelt (Betriebsgenehmigung auf Grundlage der EU-Zoorichtlinie).<\/p>\n<p><strong>4.<\/strong> H\u00e4lt der Senat die Sicherheit der Elefantenpfleger f\u00fcr gew\u00e4hrleistet vor dem Hintergrund, dass auch \u00dcbergriffe der Asiatischen Elefanten auf die Pfleger beobachtet wurden?<\/p>\n<p style=\"padding-left: 30px;\">Zu 4.: Dem Senat ist bekannt, dass die Haltung von Elefanten hohe Sicherheitsanforderungen an die Tierg\u00e4rten und ihre qualifizierten Tierpflegekr\u00e4fte stellt.<\/p>\n<p><strong>5.<\/strong> Wie bewertet der Senat die Auffassung, dass das f\u00fcr eine Elefantenhaltung im direkten Kontakt unerl\u00e4ssliche gute Vertrauensverh\u00e4ltnis zwischen Pflegern und Elefanten aufgrund der regelm\u00e4\u00dfigen Misshandlungen nicht gegeben ist?<\/p>\n<p style=\"padding-left: 30px;\">Zu 5.: Der Senat ist mangels der erforderlichen Detailkenntnisse \u00fcber den allt\u00e4glichen Umgang der Pflegekr\u00e4fte mit den Elefanten nicht in der Lage, das Verh\u00e4ltnis der Pflegekr\u00e4fte zu den Tieren zu beurteilen.<\/p>\n<p><strong>6.<\/strong> Welche Schlussfolgerung zieht der Senat f\u00fcr die Elefantenhaltung im Tierpark aus dem Umstand, dass es mit Elefanten im direkten Kontak in Zoologischen G\u00e4rten in den letzten vier Jahren 33 schwere Unf\u00e4lle darunter 5 Todesf\u00e4lle gegeben hat und dass den Todesf\u00e4llen regelm\u00e4\u00dfig \u00dcbergriffe auf die Elefantenpfleger voraus gegangen sind?<\/p>\n<p style=\"padding-left: 30px;\">Zu 6.: Auf die Antwort zu 2. wird verwiesen.<\/p>\n<p><strong>7.<\/strong> Wie bewertet der Senat den Umstand, dass die im direkten Kontakt gehaltenen Elefanten regelm\u00e4\u00dfig angekettet werden und w\u00e4hrend ihrer Ankettung erkennbar unruhig sind und fast alle Verhaltensstereotypien wie das \u201eWeben\u201c mit dem Oberk\u00f6rper zeigen?<\/p>\n<p style=\"padding-left: 30px;\">Zu 7.: Diese Beantwortung liegt in der Kompetenz des zust\u00e4ndigen Veterin\u00e4ramtes, das Verhaltensst\u00f6rungen nicht best\u00e4tigt.<\/p>\n<p><strong>8.<\/strong> Wie bewertet der Senat die Auffassung, dass die von TierparkbesucherInnen beobachteten und dokumentierten Misshandlungen und Verhaltensst\u00f6rungen der Elefanten kein Aush\u00e4ngeschild f\u00fcr den <a href=\"http:\/\/www.tierpark-berlin.de\/tierpark.html\" target=\"_blank\" rel=\"noopener\">Tierpark Friedrichsfelde<\/a> sind?<\/p>\n<p><strong>9.<\/strong> Welches tierhalterische Konzept wird mit der Z\u00fcchtigung und Unterwerfung von Elefanten verfolgt?<\/p>\n<p><strong>10.<\/strong> Welches p\u00e4dagogische Konzept wird mit der Z\u00fcchtigung und Unterwerfung von Elefanten im Tierpark verfolgt und ist der Senat der Auffassung, dass damit Kindern und Jugendlichen sinnvolle Beispiele und Werte im Umgang mit Lebewesen vermittelt werden?<\/p>\n<p style=\"padding-left: 30px;\">Zu 8. bis 10.: Auf die Antworten zu Fragen 3 und 5 wird verwiesen. Der Senat ist der Ansicht, dass die Pr\u00e4sentation von Elefanten einen besonderen Anziehungspunkt f\u00fcr Tierparkbesucherinnen und Tierparkbesucher darstellt.<\/p>\n<p>&nbsp;<\/p>\n<p>Berlin, den 01. Februar 2013<br \/>\nIn Vertretung<br \/>\n<a href=\"http:\/\/www.berlin.de\/sen\/finanzen\/zentral\/leitung\/feiler.html\" target=\"_blank\" rel=\"noopener\">Klaus Feiler<\/a><br \/>\nSenatsverwaltung f\u00fcr Finanzen<br \/>\n(Eingang beim Abgeordnetenhaus am 13. Feb. 2013)<\/p>\n<p>&nbsp;<\/p>\n","protected":false},"excerpt":{"rendered":"<p>Kleine Anfrage &#8211; Drucksache 17\/11435 der Abgeordneten Claudia H\u00e4mmerling (GR\u00dcNE) vom 15. Januar 2013 (Eingang beim Abgeordnetenhaus am 16. Januar 2013) und Antwort vom 01.&hellip;<\/p>\n","protected":false},"author":1,"featured_media":0,"comment_status":"open","ping_status":"open","sticky":false,"template":"","format":"standard","meta":{"ngg_post_thumbnail":0,"iawp_total_views":0,"footnotes":""},"categories":[458],"tags":[],"class_list":["post-3701","post","type-post","status-publish","format-standard","hentry","category-nachrichtenwald"],"_links":{"self":[{"href":"https:\/\/forst-grunewald.de\/index.php?rest_route=\/wp\/v2\/posts\/3701","targetHints":{"allow":["GET"]}}],"collection":[{"href":"https:\/\/forst-grunewald.de\/index.php?rest_route=\/wp\/v2\/posts"}],"about":[{"href":"https:\/\/forst-grunewald.de\/index.php?rest_route=\/wp\/v2\/types\/post"}],"author":[{"embeddable":true,"href":"https:\/\/forst-grunewald.de\/index.php?rest_route=\/wp\/v2\/users\/1"}],"replies":[{"embeddable":true,"href":"https:\/\/forst-grunewald.de\/index.php?rest_route=%2Fwp%2Fv2%2Fcomments&post=3701"}],"version-history":[{"count":4,"href":"https:\/\/forst-grunewald.de\/index.php?rest_route=\/wp\/v2\/posts\/3701\/revisions"}],"predecessor-version":[{"id":12641,"href":"https:\/\/forst-grunewald.de\/index.php?rest_route=\/wp\/v2\/posts\/3701\/revisions\/12641"}],"wp:attachment":[{"href":"https:\/\/forst-grunewald.de\/index.php?rest_route=%2Fwp%2Fv2%2Fmedia&parent=3701"}],"wp:term":[{"taxonomy":"category","embeddable":true,"href":"https:\/\/forst-grunewald.de\/index.php?rest_route=%2Fwp%2Fv2%2Fcategories&post=3701"},{"taxonomy":"post_tag","embeddable":true,"href":"https:\/\/forst-grunewald.de\/index.php?rest_route=%2Fwp%2Fv2%2Ftags&post=3701"}],"curies":[{"name":"wp","href":"https:\/\/api.w.org\/{rel}","templated":true}]}}