{"id":3690,"date":"2013-02-25T09:14:16","date_gmt":"2013-02-25T08:14:16","guid":{"rendered":"http:\/\/forst-grunewald.de\/?p=3690"},"modified":"2019-05-26T12:44:22","modified_gmt":"2019-05-26T11:44:22","slug":"in-berlins-waldern-werden-eine-million-neue-baume-gepflanzt","status":"publish","type":"post","link":"https:\/\/forst-grunewald.de\/?p=3690","title":{"rendered":"Mischwaldprogramm in Berlins W\u00e4ldern"},"content":{"rendered":"<p>Elmar Lakenberg, Leiter der Berliner Forsten:<\/p>\n<blockquote><p>In das neue Mischwaldprogramm, das auf vier Jahre angelegt ist, wurden im letzten Jahr knapp 700.000 Euro investiert. In diesem Jahr werden es 800.000 Euro sein&#8230;. Schwerpunkte&#8230; im mittleren Grunewald und im K\u00f6penicker Raum&#8230; Der forstwirtschaftliche Bereich insgesamt kann sich inzwischen selber tragen. Aber wir erledigen viele Hoheitsaufgaben und Dienstleistungen f\u00fcr Erholungssuchende, f\u00fcr die wir keinen Eintritt verlangen&#8230; Wir wollen, dass das Mischwaldprogramm zu einer festen Einrichtung wird, damit wir das Ziel bis 2050 erreichen, die Grundwasserspende wieder auszugleichen. Je schneller wir gemischte Best\u00e4nde haben, desto besser sind wir f\u00fcr den Klimawandel ger\u00fcstet.<\/p><\/blockquote>\n<p>Berliner Morgenpost, 25.02.2013 &#8211; <a href=\"http:\/\/www.google.de\/#hl=de&amp;output=search&amp;sclient=psy-ab&amp;q=In+Berlins+W%C3%A4ldern+werden+eine+Million+neue+B%C3%A4ume+gepflanzt&amp;oq=In+Berlins+W%C3%A4ldern+werden+eine+Million+neue+B%C3%A4ume+gepflanzt&amp;gs_l=hp.12...2660.2660.0.3533.1.1.0.0.0.0.106.106.0j1.1.0...0.0...1c.2.4.psy-ab.JfzWtM_bDYo&amp;pbx=1&amp;bav=on.2,or.r_gc.r_pw.r_qf.&amp;bvm=bv.42768644,d.Yms&amp;fp=afdc69010317da3&amp;biw=1680&amp;bih=859\" target=\"_blank\" rel=\"noopener noreferrer\">lesen<\/a><\/p>\n","protected":false},"excerpt":{"rendered":"<p>Elmar Lakenberg, Leiter der Berliner Forsten: In das neue Mischwaldprogramm, das auf vier Jahre angelegt ist, wurden im letzten Jahr knapp 700.000 Euro investiert. In&hellip;<\/p>\n","protected":false},"author":1,"featured_media":0,"comment_status":"open","ping_status":"open","sticky":false,"template":"","format":"standard","meta":{"ngg_post_thumbnail":0,"iawp_total_views":1,"footnotes":""},"categories":[458],"tags":[],"class_list":["post-3690","post","type-post","status-publish","format-standard","hentry","category-nachrichtenwald"],"_links":{"self":[{"href":"https:\/\/forst-grunewald.de\/index.php?rest_route=\/wp\/v2\/posts\/3690","targetHints":{"allow":["GET"]}}],"collection":[{"href":"https:\/\/forst-grunewald.de\/index.php?rest_route=\/wp\/v2\/posts"}],"about":[{"href":"https:\/\/forst-grunewald.de\/index.php?rest_route=\/wp\/v2\/types\/post"}],"author":[{"embeddable":true,"href":"https:\/\/forst-grunewald.de\/index.php?rest_route=\/wp\/v2\/users\/1"}],"replies":[{"embeddable":true,"href":"https:\/\/forst-grunewald.de\/index.php?rest_route=%2Fwp%2Fv2%2Fcomments&post=3690"}],"version-history":[{"count":8,"href":"https:\/\/forst-grunewald.de\/index.php?rest_route=\/wp\/v2\/posts\/3690\/revisions"}],"predecessor-version":[{"id":13373,"href":"https:\/\/forst-grunewald.de\/index.php?rest_route=\/wp\/v2\/posts\/3690\/revisions\/13373"}],"wp:attachment":[{"href":"https:\/\/forst-grunewald.de\/index.php?rest_route=%2Fwp%2Fv2%2Fmedia&parent=3690"}],"wp:term":[{"taxonomy":"category","embeddable":true,"href":"https:\/\/forst-grunewald.de\/index.php?rest_route=%2Fwp%2Fv2%2Fcategories&post=3690"},{"taxonomy":"post_tag","embeddable":true,"href":"https:\/\/forst-grunewald.de\/index.php?rest_route=%2Fwp%2Fv2%2Ftags&post=3690"}],"curies":[{"name":"wp","href":"https:\/\/api.w.org\/{rel}","templated":true}]}}