{"id":3675,"date":"2013-02-13T13:48:55","date_gmt":"2013-02-13T12:48:55","guid":{"rendered":"http:\/\/forst-grunewald.de\/?p=3675"},"modified":"2019-05-26T12:42:30","modified_gmt":"2019-05-26T11:42:30","slug":"wie-bewertet-der-senat-den-einsatz-der-motorisierten-laubaufraumung","status":"publish","type":"post","link":"https:\/\/forst-grunewald.de\/?p=3675","title":{"rendered":"Wie bewertet der Senat den Einsatz der motorisierten Laubaufr\u00e4umung?"},"content":{"rendered":"<p>Abgeordnetenhaus, Drucksache <a href=\"http:\/\/www.parlament-berlin.de:8080\/starweb\/adis\/citat\/VT\/17\/KlAnfr\/ka17-11371.pdf\" target=\"_blank\" rel=\"noopener noreferrer\">17\/11371<\/a><br \/>\nKleine Anfrage<br \/>\ndes Abgeordneten <a href=\"http:\/\/www.turgut-altug.de\/\" target=\"_blank\" rel=\"noopener noreferrer\">Dr. Turgut Altug<\/a> (GR\u00dcNE)<br \/>\nvom 18. Dezember 2012 (Eingang beim Abgeordnetenhaus am 19. Dezember 2012) und Antwort vom 28.01.2013<br \/>\nNaturnahe Gr\u00fcnfl\u00e4chenpflege ist ein Fremdwort f\u00fcr den Senat?<\/p>\n<blockquote><p><strong>Frage 6: Wie bewertet der Senat den Einsatz der motorisierten Laubaufr\u00e4umung?<\/strong><\/p>\n<p><strong>Antwort zu 6:<\/strong> Der Einsatz von Maschinen ist heutzutage oft ein finanzielles Erfordernis, da viele Arbeitsleistungen unter wirtschaftlichen Gesichtspunkten nicht mehr nur von Hand erbracht werden k\u00f6nnen. Beim Einsatz von Maschinen zur Laubentfernung sind die \u00f6rtlichen Gegebenheiten (L\u00e4rmschutz der Anwohnerinnen und Anwohner, Schutz der Flora und Fauna) sowie Aspekte der Arbeitssicherheit zu ber\u00fccksichtigen.<\/p>\n<p>Erfahrungsberichte \u00fcber elektrische Ger\u00e4te im Akku-Betrieb (welche nach ersten Erkenntnissen deutlich niedrigere Immissionen verursachen sollen) lassen hoffen, dass sich diese Modelle trotz derzeit noch h\u00f6herer Beschaffungskosten hinsichtlich Effizienz, Wirtschaftlichkeit und Immissionsvermeidung langfristig durchsetzen und die bisher verwendeten benzinbetriebenen Ger\u00e4te gleichwertig ersetzen k\u00f6nnen.<\/p><\/blockquote>\n<p>&nbsp;<\/p>\n","protected":false},"excerpt":{"rendered":"<p>Abgeordnetenhaus, Drucksache 17\/11371 Kleine Anfrage des Abgeordneten Dr. Turgut Altug (GR\u00dcNE) vom 18. Dezember 2012 (Eingang beim Abgeordnetenhaus am 19. Dezember 2012) und Antwort vom&hellip;<\/p>\n","protected":false},"author":1,"featured_media":0,"comment_status":"open","ping_status":"open","sticky":false,"template":"","format":"standard","meta":{"ngg_post_thumbnail":0,"iawp_total_views":1,"footnotes":""},"categories":[458],"tags":[],"class_list":["post-3675","post","type-post","status-publish","format-standard","hentry","category-nachrichtenwald"],"_links":{"self":[{"href":"https:\/\/forst-grunewald.de\/index.php?rest_route=\/wp\/v2\/posts\/3675","targetHints":{"allow":["GET"]}}],"collection":[{"href":"https:\/\/forst-grunewald.de\/index.php?rest_route=\/wp\/v2\/posts"}],"about":[{"href":"https:\/\/forst-grunewald.de\/index.php?rest_route=\/wp\/v2\/types\/post"}],"author":[{"embeddable":true,"href":"https:\/\/forst-grunewald.de\/index.php?rest_route=\/wp\/v2\/users\/1"}],"replies":[{"embeddable":true,"href":"https:\/\/forst-grunewald.de\/index.php?rest_route=%2Fwp%2Fv2%2Fcomments&post=3675"}],"version-history":[{"count":6,"href":"https:\/\/forst-grunewald.de\/index.php?rest_route=\/wp\/v2\/posts\/3675\/revisions"}],"predecessor-version":[{"id":13374,"href":"https:\/\/forst-grunewald.de\/index.php?rest_route=\/wp\/v2\/posts\/3675\/revisions\/13374"}],"wp:attachment":[{"href":"https:\/\/forst-grunewald.de\/index.php?rest_route=%2Fwp%2Fv2%2Fmedia&parent=3675"}],"wp:term":[{"taxonomy":"category","embeddable":true,"href":"https:\/\/forst-grunewald.de\/index.php?rest_route=%2Fwp%2Fv2%2Fcategories&post=3675"},{"taxonomy":"post_tag","embeddable":true,"href":"https:\/\/forst-grunewald.de\/index.php?rest_route=%2Fwp%2Fv2%2Ftags&post=3675"}],"curies":[{"name":"wp","href":"https:\/\/api.w.org\/{rel}","templated":true}]}}