{"id":16120,"date":"2022-11-16T08:21:27","date_gmt":"2022-11-16T07:21:27","guid":{"rendered":"https:\/\/forst-grunewald.de\/?p=16120"},"modified":"2022-11-16T08:29:06","modified_gmt":"2022-11-16T07:29:06","slug":"abgeordnetenhaus-waschbaeren-in-berlin","status":"publish","type":"post","link":"https:\/\/forst-grunewald.de\/?p=16120","title":{"rendered":"Abgeordnetenhaus: Waschb\u00e4ren in Berlin"},"content":{"rendered":"<p>Berliner Abgeordentenhaus, Drucksache 19\/13637<\/p>\n<ul>\n<li>Schriftliche Anfrage des Abgeordneten Robert Schaddach (SPD)<\/li>\n<li>Antwort der Senatsverwaltung f\u00fcr Umwelt, Mobilit\u00e4t, Verbraucher- und Klimaschutz vom 04.11.2022<\/li>\n<\/ul>\n<p>&nbsp;<\/p>\n<p><a href=\"https:\/\/pardok.parlament-berlin.de\/starweb\/adis\/citat\/VT\/19\/SchrAnfr\/S19-13637.pdf\" target=\"_blank\" rel=\"noopener\"><strong><span style=\"font-size: 14pt;\">Waschb\u00e4ren in Berlin<\/span><\/strong><\/a><\/p>\n<p>&nbsp;<\/p>\n<p>Weitere Informationen sind auf der Internetseite der Senatsverwaltung f\u00fcr Umwelt, Mobilit\u00e4t, Verbraucher- und Klimaschutz zu finden:<\/p>\n<ul>\n<li><a href=\"https:\/\/www.berlin.de\/sen\/uvk\/natur-und-gruen\/jagd-und-wildtiere\/wildtiere-im-stadtgebiet\/waschbaer\/\" target=\"_blank\" rel=\"noopener\">https:\/\/www.berlin.de\/sen\/uvk\/natur-und-gruen\/jagd-und-wildtiere\/wildtiere-im-stadtgebiet\/waschbaer\/<\/a><\/li>\n<\/ul>\n<p>&nbsp;<\/p>\n<p>&nbsp;<\/p>\n<p>&nbsp;<\/p>\n","protected":false},"excerpt":{"rendered":"<p>Berliner Abgeordentenhaus, Drucksache 19\/13637 Schriftliche Anfrage des Abgeordneten Robert Schaddach (SPD) Antwort der Senatsverwaltung f\u00fcr Umwelt, Mobilit\u00e4t, Verbraucher- und Klimaschutz vom 04.11.2022 &nbsp; Waschb\u00e4ren in&hellip;<\/p>\n","protected":false},"author":1,"featured_media":0,"comment_status":"closed","ping_status":"closed","sticky":false,"template":"","format":"standard","meta":{"ngg_post_thumbnail":0,"iawp_total_views":3,"footnotes":""},"categories":[458],"tags":[],"class_list":["post-16120","post","type-post","status-publish","format-standard","hentry","category-nachrichtenwald"],"_links":{"self":[{"href":"https:\/\/forst-grunewald.de\/index.php?rest_route=\/wp\/v2\/posts\/16120","targetHints":{"allow":["GET"]}}],"collection":[{"href":"https:\/\/forst-grunewald.de\/index.php?rest_route=\/wp\/v2\/posts"}],"about":[{"href":"https:\/\/forst-grunewald.de\/index.php?rest_route=\/wp\/v2\/types\/post"}],"author":[{"embeddable":true,"href":"https:\/\/forst-grunewald.de\/index.php?rest_route=\/wp\/v2\/users\/1"}],"replies":[{"embeddable":true,"href":"https:\/\/forst-grunewald.de\/index.php?rest_route=%2Fwp%2Fv2%2Fcomments&post=16120"}],"version-history":[{"count":3,"href":"https:\/\/forst-grunewald.de\/index.php?rest_route=\/wp\/v2\/posts\/16120\/revisions"}],"predecessor-version":[{"id":16123,"href":"https:\/\/forst-grunewald.de\/index.php?rest_route=\/wp\/v2\/posts\/16120\/revisions\/16123"}],"wp:attachment":[{"href":"https:\/\/forst-grunewald.de\/index.php?rest_route=%2Fwp%2Fv2%2Fmedia&parent=16120"}],"wp:term":[{"taxonomy":"category","embeddable":true,"href":"https:\/\/forst-grunewald.de\/index.php?rest_route=%2Fwp%2Fv2%2Fcategories&post=16120"},{"taxonomy":"post_tag","embeddable":true,"href":"https:\/\/forst-grunewald.de\/index.php?rest_route=%2Fwp%2Fv2%2Ftags&post=16120"}],"curies":[{"name":"wp","href":"https:\/\/api.w.org\/{rel}","templated":true}]}}