{"id":15913,"date":"2022-07-22T11:53:57","date_gmt":"2022-07-22T10:53:57","guid":{"rendered":"https:\/\/forst-grunewald.de\/?p=15913"},"modified":"2022-07-22T12:10:41","modified_gmt":"2022-07-22T11:10:41","slug":"abgeordnetenhaus-woran-scheitert-die-unterschutzstellung-berliner-naturschutzgebiete","status":"publish","type":"post","link":"https:\/\/forst-grunewald.de\/?p=15913","title":{"rendered":"Abgeordnetenhaus: Woran scheitert die Unterschutzstellung Berliner Naturschutzgebiete?"},"content":{"rendered":"<p>Berliner Abgeordnetenhaus \u2013 Drucksache 19 \/ 12 420<\/p>\n<ul>\n<li>Schriftliche Anfrage des Abgeordneten Felix Reifschneider (FDP) vom 01.07.2022<\/li>\n<li>Antwort der Senatsverwaltung Senatsverwaltung f\u00fcr Umwelt, Mobilit\u00e4t, Verbraucher- und Klimaschutz vom 11.07.2022<\/li>\n<\/ul>\n<p>Zum Thema:<\/p>\n<ul>\n<li><a href=\"https:\/\/pardok.parlament-berlin.de\/starweb\/adis\/citat\/VT\/19\/SchrAnfr\/S19-12420.pdf\" target=\"_blank\" rel=\"noopener\"><b>Woran scheitert die Unterschutzstellung Berliner Naturschutzgebiete?<\/b><\/a><\/li>\n<\/ul>\n<p>&nbsp;<\/p>\n<p><span style=\"text-decoration: underline;\"><strong>Auszug Tiefwerder Wiesen \/ Langes Luch und Dachsheide:<\/strong><\/span><\/p>\n<p><strong>Frage 5:<\/strong><br \/>\nBis wann plant der Senat das LSG-24 <a href=\"https:\/\/forst-grunewald.de\/?page_id=5053\" target=\"_blank\" rel=\"noopener\">Tiefwerder Wiesen<\/a> als Naturschutzgebiet auszuweisen?<br \/>\na. Welche Ma\u00dfnahmen wurden wann bereits getroffen?<br \/>\nb. Welche Ma\u00dfnahmen sind bis wann im Einzelnen geplant?<\/p>\n<p style=\"text-align: justify; padding-left: 40px;\"><strong>Antwort zu<\/strong> 1 bis <strong>5<\/strong>, 7 und 8, 10 bis 12, 14:<br \/>\n<strong>In den vergangenen Jahren hatte die zwingend erforderliche rechtliche Sicherung der an die EU-Kommission gemeldeten Berliner Natura-2000-Gebiete zur Abwendung von Strafzahlungen infolge des Vertragsverletzungsverfahrens gegen die Bundesrepublik Deutschland oberste Priorit\u00e4t. Dies hatte zur Folge, dass<\/strong> Unterschutzstellungsverfahren f\u00fcr andere sch\u00fctzenswerte Fl\u00e4chen auf der Grundlage des Landschaftsprogramms \/ Artenschutzprogramms (LaPro) in der Fassung der Bekanntmachung vom 8. Juni 2016 (siehe Amtsblatt f\u00fcr Berlin Nr. 24, Seite 1314 ff) \u2013 siehe Anhang A: <strong>Liste der Berliner Schutzgebiete \u2013 zur\u00fcck gestellt werden mussten.<\/strong> <strong>Das gilt u.a. f\u00fcr die in den Fragen<\/strong> 1 bis <strong>5<\/strong>, 7 und 8, 10 bis 12 und 14 genannten Fl\u00e4chen.<br \/>\nAus den Erfahrungen der vergangenen Jahre ergibt sich, dass&#8230;&#8230;<br \/>\n<span style=\"text-decoration: underline;\"><strong>Dies f\u00fchrt dazu, dass<\/strong><\/span> hinsichtlich des Zeithorizontes f\u00fcr die Ausweisung der benannten Gebiete <span style=\"text-decoration: underline;\"><strong>keine konkreten Angaben gemacht werden k\u00f6nnen.<\/strong><\/span> Die zeitliche Planung f\u00fcr Unterschutzstellungsverfahren ist dabei vor allem auch abh\u00e4ngig von den zur Verf\u00fcgung<br \/>\nstehenden <strong>Personalkapazit\u00e4ten<\/strong> (siehe hierzu auch die Antwort zu Frage 17).<\/p>\n<p><strong>Frage 6:<\/strong><br \/>\nBis wann plant der Senat die Erweiterung NSG-15 Langes Luch als Naturschutzgebiet auszuweisen?<br \/>\na. Welche Ma\u00dfnahmen wurden wann bereits getroffen?<br \/>\nb. Welche Ma\u00dfnahmen sind bis wann im Einzelnen geplant?<\/p>\n<p style=\"text-align: justify; padding-left: 40px;\"><strong>Antwort zu 6:<\/strong><br \/>\nDie Erweiterung des Naturschutzgebietes (NSG) 15 Langes Luch um die <a href=\"https:\/\/forst-grunewald.de\/?page_id=5382\" target=\"_blank\" rel=\"noopener\">Dachsheide<\/a> ist bereits erfolgt und festgesetzt in der Verordnung zum Schutz der Landschaft des Grunewaldes mit den darin liegenden Naturschutzgebieten in den Bezirken Charlottenburg-Wilmersdorf und Steglitz-Zehlendorf von Berlin (Grunewaldschutzverordnung \u2013 SchVO Gw) vom 20. Dezember 2017 (GVBl. S. 2).<\/p>\n<p>&nbsp;<\/p>\n","protected":false},"excerpt":{"rendered":"<p>Berliner Abgeordnetenhaus \u2013 Drucksache 19 \/ 12 420 Schriftliche Anfrage des Abgeordneten Felix Reifschneider (FDP) vom 01.07.2022 Antwort der Senatsverwaltung Senatsverwaltung f\u00fcr Umwelt, Mobilit\u00e4t, Verbraucher-&hellip;<\/p>\n","protected":false},"author":1,"featured_media":0,"comment_status":"closed","ping_status":"closed","sticky":false,"template":"","format":"standard","meta":{"ngg_post_thumbnail":0,"iawp_total_views":1,"footnotes":""},"categories":[458],"tags":[],"class_list":["post-15913","post","type-post","status-publish","format-standard","hentry","category-nachrichtenwald"],"_links":{"self":[{"href":"https:\/\/forst-grunewald.de\/index.php?rest_route=\/wp\/v2\/posts\/15913","targetHints":{"allow":["GET"]}}],"collection":[{"href":"https:\/\/forst-grunewald.de\/index.php?rest_route=\/wp\/v2\/posts"}],"about":[{"href":"https:\/\/forst-grunewald.de\/index.php?rest_route=\/wp\/v2\/types\/post"}],"author":[{"embeddable":true,"href":"https:\/\/forst-grunewald.de\/index.php?rest_route=\/wp\/v2\/users\/1"}],"replies":[{"embeddable":true,"href":"https:\/\/forst-grunewald.de\/index.php?rest_route=%2Fwp%2Fv2%2Fcomments&post=15913"}],"version-history":[{"count":8,"href":"https:\/\/forst-grunewald.de\/index.php?rest_route=\/wp\/v2\/posts\/15913\/revisions"}],"predecessor-version":[{"id":15922,"href":"https:\/\/forst-grunewald.de\/index.php?rest_route=\/wp\/v2\/posts\/15913\/revisions\/15922"}],"wp:attachment":[{"href":"https:\/\/forst-grunewald.de\/index.php?rest_route=%2Fwp%2Fv2%2Fmedia&parent=15913"}],"wp:term":[{"taxonomy":"category","embeddable":true,"href":"https:\/\/forst-grunewald.de\/index.php?rest_route=%2Fwp%2Fv2%2Fcategories&post=15913"},{"taxonomy":"post_tag","embeddable":true,"href":"https:\/\/forst-grunewald.de\/index.php?rest_route=%2Fwp%2Fv2%2Ftags&post=15913"}],"curies":[{"name":"wp","href":"https:\/\/api.w.org\/{rel}","templated":true}]}}