{"id":15871,"date":"2022-07-11T08:31:11","date_gmt":"2022-07-11T07:31:11","guid":{"rendered":"https:\/\/forst-grunewald.de\/?p=15871"},"modified":"2022-07-22T12:41:59","modified_gmt":"2022-07-22T11:41:59","slug":"abgeordnetenhaus-fuechse-und-fuchsjagd-in-berlin","status":"publish","type":"post","link":"https:\/\/forst-grunewald.de\/?p=15871","title":{"rendered":"Abgeordnetenhaus: F\u00fcchse und Fuchsjagd in Berlin"},"content":{"rendered":"<p>Berliner Abgeordnetenhaus &#8211; Drucksache 19 \/ 12 183<\/p>\n<ul>\n<li>Schriftliche Anfrage der Abgeordneten Tamara L\u00fcdke (SPD) vom 13.06.2022<\/li>\n<li>Antwort der Senatsverwaltung f\u00fcr Umwelt, Mobilit\u00e4t, Verbraucher- und Klimaschutz vom 28.06.2022<\/li>\n<\/ul>\n<p>Zum Thema:<\/p>\n<ul>\n<li><a href=\"https:\/\/pardok.parlament-berlin.de\/starweb\/adis\/citat\/VT\/19\/SchrAnfr\/S19-12183.pdf\" target=\"_blank\" rel=\"noopener\"><span style=\"font-size: 14pt;\">F\u00fcchse und Fuchsjagd in Berlin<\/span><\/a><\/li>\n<\/ul>\n<p>&nbsp;<\/p>\n<p>Ausz\u00fcge (!) aus den Antworten:<\/p>\n<ul>\n<li><span style=\"color: #ff0000;\">Wie viele F\u00fcchse leben in Berlin?<\/span><br \/>\n<strong>Die konkrete Anzahl der in Berlin lebenden F\u00fcchse ist nicht bekannt,&#8230;<\/strong><\/li>\n<li><span style=\"color: #ff0000;\">Welche Gr\u00fcnde gibt es f\u00fcr die Fuchsjagd in Berlin?<\/span><br \/>\n<strong>F\u00fcchse unterliegen nach dem Bundesrecht dem Jagdrecht. Darauf st\u00fctzend bedarf es keiner gesonderten Begr\u00fcndung f\u00fcr diese Jagdaus\u00fcbung.<\/strong><\/li>\n<li><span style=\"color: #ff0000;\">Gibt es Belege daf\u00fcr, dass die Bejagung von F\u00fcchsen in Berlin die Population dauerhaft reguliert bzw. dezimiert?<\/span><br \/>\n<strong>In Bezug auf die Populationsregulierung kann keine Aussage getroffen werden.<\/strong><\/li>\n<\/ul>\n<p>&nbsp;<\/p>\n<p>SenV UMVK: &#8222;<a href=\"https:\/\/www.berlin.de\/sen\/uvk\/natur-und-gruen\/jagd-und-wildtiere\/jagdwesen-in-berlin\/jagdergebnisse\/\" target=\"_blank\" rel=\"noopener\">Jagdergebnisse &#8211; Daten und Fakten<\/a>&#8220;<\/p>\n<p>F\u00fcchse d\u00fcrfen wie folgt erschossen werden:<br \/>\n&#8211; Altf\u00fcchse: 1. November bis 31. Januar<br \/>\n&#8211; Jungf\u00fcchse: 1. Mai bis 31. Januar<\/p>\n<p>T\u00f6tungen 2021\/2022: 0<strong>86<\/strong><br \/>\nT\u00f6tungen 2020\/2021: <strong>121<\/strong><\/p>\n<p>&nbsp;<\/p>\n<p>\u00dcbersicht 1996 &#8211; 2021:<\/p>\n<p><a href=\"https:\/\/forst-grunewald.de\/wp-content\/uploads\/2022-07-22-SenV-UMVK-Jagdergebnisse-Fuechse.jpg\" target=\"_blank\" rel=\"noopener\"><img loading=\"lazy\" decoding=\"async\" class=\"alignnone wp-image-15924 size-full\" src=\"https:\/\/forst-grunewald.de\/wp-content\/uploads\/2022-07-22-SenV-UMVK-Jagdergebnisse-Fuechse.jpg\" alt=\"\" width=\"1600\" height=\"967\" srcset=\"https:\/\/forst-grunewald.de\/wp-content\/uploads\/2022-07-22-SenV-UMVK-Jagdergebnisse-Fuechse.jpg 1600w, https:\/\/forst-grunewald.de\/wp-content\/uploads\/2022-07-22-SenV-UMVK-Jagdergebnisse-Fuechse-450x272.jpg 450w, https:\/\/forst-grunewald.de\/wp-content\/uploads\/2022-07-22-SenV-UMVK-Jagdergebnisse-Fuechse-200x121.jpg 200w, https:\/\/forst-grunewald.de\/wp-content\/uploads\/2022-07-22-SenV-UMVK-Jagdergebnisse-Fuechse-768x464.jpg 768w, https:\/\/forst-grunewald.de\/wp-content\/uploads\/2022-07-22-SenV-UMVK-Jagdergebnisse-Fuechse-1536x928.jpg 1536w\" sizes=\"auto, (max-width: 1600px) 100vw, 1600px\" \/><\/a><\/p>\n<p><span style=\"font-size: 10pt;\">Fallwild: Als Fallwild wird im Gegensatz zum erlegten Wild alles an sonstigen Ursachen (meist durch Verkehrsunf\u00e4lle) zu Tode gekommenes Wild bezeichnet.<\/span><\/p>\n","protected":false},"excerpt":{"rendered":"<p>Berliner Abgeordnetenhaus &#8211; Drucksache 19 \/ 12 183 Schriftliche Anfrage der Abgeordneten Tamara L\u00fcdke (SPD) vom 13.06.2022 Antwort der Senatsverwaltung f\u00fcr Umwelt, Mobilit\u00e4t, Verbraucher- und&hellip;<\/p>\n","protected":false},"author":1,"featured_media":0,"comment_status":"closed","ping_status":"closed","sticky":false,"template":"","format":"standard","meta":{"ngg_post_thumbnail":0,"iawp_total_views":6,"footnotes":""},"categories":[458],"tags":[],"class_list":["post-15871","post","type-post","status-publish","format-standard","hentry","category-nachrichtenwald"],"_links":{"self":[{"href":"https:\/\/forst-grunewald.de\/index.php?rest_route=\/wp\/v2\/posts\/15871","targetHints":{"allow":["GET"]}}],"collection":[{"href":"https:\/\/forst-grunewald.de\/index.php?rest_route=\/wp\/v2\/posts"}],"about":[{"href":"https:\/\/forst-grunewald.de\/index.php?rest_route=\/wp\/v2\/types\/post"}],"author":[{"embeddable":true,"href":"https:\/\/forst-grunewald.de\/index.php?rest_route=\/wp\/v2\/users\/1"}],"replies":[{"embeddable":true,"href":"https:\/\/forst-grunewald.de\/index.php?rest_route=%2Fwp%2Fv2%2Fcomments&post=15871"}],"version-history":[{"count":18,"href":"https:\/\/forst-grunewald.de\/index.php?rest_route=\/wp\/v2\/posts\/15871\/revisions"}],"predecessor-version":[{"id":15926,"href":"https:\/\/forst-grunewald.de\/index.php?rest_route=\/wp\/v2\/posts\/15871\/revisions\/15926"}],"wp:attachment":[{"href":"https:\/\/forst-grunewald.de\/index.php?rest_route=%2Fwp%2Fv2%2Fmedia&parent=15871"}],"wp:term":[{"taxonomy":"category","embeddable":true,"href":"https:\/\/forst-grunewald.de\/index.php?rest_route=%2Fwp%2Fv2%2Fcategories&post=15871"},{"taxonomy":"post_tag","embeddable":true,"href":"https:\/\/forst-grunewald.de\/index.php?rest_route=%2Fwp%2Fv2%2Ftags&post=15871"}],"curies":[{"name":"wp","href":"https:\/\/api.w.org\/{rel}","templated":true}]}}