{"id":15848,"date":"2022-07-07T12:27:42","date_gmt":"2022-07-07T11:27:42","guid":{"rendered":"https:\/\/forst-grunewald.de\/?p=15848"},"modified":"2022-07-07T12:32:20","modified_gmt":"2022-07-07T11:32:20","slug":"abgeordnetenhaus-jagd-in-berlin-2","status":"publish","type":"post","link":"https:\/\/forst-grunewald.de\/?p=15848","title":{"rendered":"Abgeordnetenhaus: Jagd in Berlin"},"content":{"rendered":"<p>Berliner Abgeordnetenhaus, <span dir=\"ltr\" role=\"presentation\">Drucksache 19<\/span><span dir=\"ltr\" role=\"presentation\">\/<\/span><span dir=\"ltr\" role=\"presentation\">12184<\/span><\/p>\n<ul>\n<li>Schriftliche Anfrage der Abgeordneten Tamara L\u00fcdke (SPD) vom 13.06.2022<\/li>\n<li>Antwort der Senatsverwaltung f\u00fcr Umwelt, Mobilit\u00e4t, Verbraucher- und Klimaschutz vom 24.06.2022<\/li>\n<\/ul>\n<p>&nbsp;<\/p>\n<p>Zum Thema:<\/p>\n<ul>\n<li><a href=\"https:\/\/pardok.parlament-berlin.de\/starweb\/adis\/citat\/VT\/19\/SchrAnfr\/S19-12184.pdf\" target=\"_blank\" rel=\"noopener\"><strong><span style=\"font-size: 18pt;\">Jagd in Berlin<\/span><\/strong><\/a><\/li>\n<\/ul>\n<p>&nbsp;<\/p>\n<blockquote><p>Im Verwaltungsjagdbezirk <strong>Grunewald<\/strong> betr\u00e4gt die Anzahl der Gesellschaftsjagden in der betroffenen Zeitspanne [&#8222;in den vergangenen drei Jagdjahren (einschlie\u00dflich dem aktuellen Jagdjahr 21\/22)&#8220;] sowie im aktuellen Jagdjahr ebenfalls zwischen zwei und drei. An diesen Jagden nehmen insgesamt 120-130 J\u00e4gerinnen und J\u00e4ger teil. Dabei werden 50-70<br \/>\nWildschweine und 10-30 Rehe erlegt. Zudem werden j\u00e4hrlich bis zu 20 Gruppenansitze mit f\u00fcnf bis sieben J\u00e4gerinnen und J\u00e4gern durchgef\u00fchrt und dabei insgesamt etwa 30-40 Wildschweine erlegt.<\/p><\/blockquote>\n","protected":false},"excerpt":{"rendered":"<p>Berliner Abgeordnetenhaus, Drucksache 19\/12184 Schriftliche Anfrage der Abgeordneten Tamara L\u00fcdke (SPD) vom 13.06.2022 Antwort der Senatsverwaltung f\u00fcr Umwelt, Mobilit\u00e4t, Verbraucher- und Klimaschutz vom 24.06.2022 &nbsp;&hellip;<\/p>\n","protected":false},"author":1,"featured_media":0,"comment_status":"closed","ping_status":"closed","sticky":false,"template":"","format":"standard","meta":{"ngg_post_thumbnail":0,"iawp_total_views":3,"footnotes":""},"categories":[458],"tags":[],"class_list":["post-15848","post","type-post","status-publish","format-standard","hentry","category-nachrichtenwald"],"_links":{"self":[{"href":"https:\/\/forst-grunewald.de\/index.php?rest_route=\/wp\/v2\/posts\/15848","targetHints":{"allow":["GET"]}}],"collection":[{"href":"https:\/\/forst-grunewald.de\/index.php?rest_route=\/wp\/v2\/posts"}],"about":[{"href":"https:\/\/forst-grunewald.de\/index.php?rest_route=\/wp\/v2\/types\/post"}],"author":[{"embeddable":true,"href":"https:\/\/forst-grunewald.de\/index.php?rest_route=\/wp\/v2\/users\/1"}],"replies":[{"embeddable":true,"href":"https:\/\/forst-grunewald.de\/index.php?rest_route=%2Fwp%2Fv2%2Fcomments&post=15848"}],"version-history":[{"count":4,"href":"https:\/\/forst-grunewald.de\/index.php?rest_route=\/wp\/v2\/posts\/15848\/revisions"}],"predecessor-version":[{"id":15852,"href":"https:\/\/forst-grunewald.de\/index.php?rest_route=\/wp\/v2\/posts\/15848\/revisions\/15852"}],"wp:attachment":[{"href":"https:\/\/forst-grunewald.de\/index.php?rest_route=%2Fwp%2Fv2%2Fmedia&parent=15848"}],"wp:term":[{"taxonomy":"category","embeddable":true,"href":"https:\/\/forst-grunewald.de\/index.php?rest_route=%2Fwp%2Fv2%2Fcategories&post=15848"},{"taxonomy":"post_tag","embeddable":true,"href":"https:\/\/forst-grunewald.de\/index.php?rest_route=%2Fwp%2Fv2%2Ftags&post=15848"}],"curies":[{"name":"wp","href":"https:\/\/api.w.org\/{rel}","templated":true}]}}