{"id":15803,"date":"2022-07-01T09:32:42","date_gmt":"2022-07-01T08:32:42","guid":{"rendered":"https:\/\/forst-grunewald.de\/?p=15803"},"modified":"2022-07-01T09:33:26","modified_gmt":"2022-07-01T08:33:26","slug":"abgeordnetenhaus-waschbaeren","status":"publish","type":"post","link":"https:\/\/forst-grunewald.de\/?p=15803","title":{"rendered":"Abgeordnetenhaus: Waschb\u00e4ren"},"content":{"rendered":"<p><span dir=\"ltr\" role=\"presentation\">Berliner Abgeordnetenhaus, Drucksache 19<\/span> <span dir=\"ltr\" role=\"presentation\">\/<\/span> <span dir=\"ltr\" role=\"presentation\">12 113<\/span><\/p>\n<ul>\n<li><span dir=\"ltr\" role=\"presentation\">Schriftliche Anfrage <\/span><span dir=\"ltr\" role=\"presentation\">der Abgeordneten <a href=\"https:\/\/www.parlament-berlin.de\/Abgeordnete\/katrin-seidel?groupStrategy=nachnamen\" target=\"_blank\" rel=\"noopener\">Katrin Seidel<\/a> (LINKE) <\/span><span dir=\"ltr\" role=\"presentation\">vom 08.06.2022<\/span><\/li>\n<li>Antwort der Senatsverwaltung f\u00fcr Umwelt, Mobilit\u00e4t, Verbraucher- und Klimaschutz vom 21.06.2022<\/li>\n<\/ul>\n<p><span dir=\"ltr\" role=\"presentation\">Zum Thema:<\/span><\/p>\n<ul>\n<li><a href=\"https:\/\/pardok.parlament-berlin.de\/starweb\/adis\/citat\/VT\/19\/SchrAnfr\/S19-12113.pdf\" target=\"_blank\" rel=\"noopener\"><span dir=\"ltr\" style=\"font-size: 18pt;\" role=\"presentation\">Waschb\u00e4ren<\/span><\/a><\/li>\n<\/ul>\n<blockquote><p>Besonders problematisch wird es gesehen, wenn Waschb\u00e4ren in hohen Dichten auftreten. Auch in Berlin stellt der Waschb\u00e4r <strong>lokal eine Bedrohung f\u00fcr gesch\u00fctzte Arten<\/strong>, insbesondere Amphibien dar. <strong>F\u00fcr den R\u00fcckgang<\/strong> der Amphibien-Populationen in den letzten Jahrzehnten i<strong>st er jedoch<\/strong> <strong>nicht verantwortlich<\/strong>.<\/p><\/blockquote>\n","protected":false},"excerpt":{"rendered":"<p>Berliner Abgeordnetenhaus, Drucksache 19 \/ 12 113 Schriftliche Anfrage der Abgeordneten Katrin Seidel (LINKE) vom 08.06.2022 Antwort der Senatsverwaltung f\u00fcr Umwelt, Mobilit\u00e4t, Verbraucher- und Klimaschutz&hellip;<\/p>\n","protected":false},"author":1,"featured_media":0,"comment_status":"closed","ping_status":"closed","sticky":false,"template":"","format":"standard","meta":{"ngg_post_thumbnail":0,"iawp_total_views":5,"footnotes":""},"categories":[458],"tags":[],"class_list":["post-15803","post","type-post","status-publish","format-standard","hentry","category-nachrichtenwald"],"_links":{"self":[{"href":"https:\/\/forst-grunewald.de\/index.php?rest_route=\/wp\/v2\/posts\/15803","targetHints":{"allow":["GET"]}}],"collection":[{"href":"https:\/\/forst-grunewald.de\/index.php?rest_route=\/wp\/v2\/posts"}],"about":[{"href":"https:\/\/forst-grunewald.de\/index.php?rest_route=\/wp\/v2\/types\/post"}],"author":[{"embeddable":true,"href":"https:\/\/forst-grunewald.de\/index.php?rest_route=\/wp\/v2\/users\/1"}],"replies":[{"embeddable":true,"href":"https:\/\/forst-grunewald.de\/index.php?rest_route=%2Fwp%2Fv2%2Fcomments&post=15803"}],"version-history":[{"count":3,"href":"https:\/\/forst-grunewald.de\/index.php?rest_route=\/wp\/v2\/posts\/15803\/revisions"}],"predecessor-version":[{"id":15806,"href":"https:\/\/forst-grunewald.de\/index.php?rest_route=\/wp\/v2\/posts\/15803\/revisions\/15806"}],"wp:attachment":[{"href":"https:\/\/forst-grunewald.de\/index.php?rest_route=%2Fwp%2Fv2%2Fmedia&parent=15803"}],"wp:term":[{"taxonomy":"category","embeddable":true,"href":"https:\/\/forst-grunewald.de\/index.php?rest_route=%2Fwp%2Fv2%2Fcategories&post=15803"},{"taxonomy":"post_tag","embeddable":true,"href":"https:\/\/forst-grunewald.de\/index.php?rest_route=%2Fwp%2Fv2%2Ftags&post=15803"}],"curies":[{"name":"wp","href":"https:\/\/api.w.org\/{rel}","templated":true}]}}