{"id":15564,"date":"2022-01-31T21:11:11","date_gmt":"2022-01-31T20:11:11","guid":{"rendered":"http:\/\/forst-grunewald.de\/?p=15564"},"modified":"2022-02-06T21:11:24","modified_gmt":"2022-02-06T20:11:24","slug":"baumfaellungen-auf-den-inseln-im-hubertussee-und-halensee","status":"publish","type":"post","link":"https:\/\/forst-grunewald.de\/?p=15564","title":{"rendered":"Baumf\u00e4llungen auf den Inseln im Hubertussee und Halensee"},"content":{"rendered":"<p style=\"text-align: justify;\">Im Rahmen der Verkehrssicherheit muss der Fachbereich Gr\u00fcnfl\u00e4chen auf den Inseln im Hubertussee sowie im Halensee durch eine Baumpflegefirma in der jetzigen F\u00e4llsaison B\u00e4ume f\u00e4llen lassen.<\/p>\n<p style=\"text-align: justify;\">Die Arbeiten beginnen am Freitag, 28. Januar 2022.<\/p>\n<p style=\"text-align: justify;\">Die bisherige Pflege der Inseln erfolgte nach einem naturnahen Konzept ohne Eingriff. Allerdings besteht nun aufgrund der intensiven Witterungsverh\u00e4ltnisse in den vergangenen drei Jahren (unter anderem Trockenheit, Hitze, Sch\u00e4dlinge, Sturmsch\u00e4den) Abbruchgefahr in das umliegende Gew\u00e4sser, welches im Sommer vermehrt durch Bootsfahrende, einen Angelverein, Stand-Up-Paddling etc. genutzt wird.<\/p>\n<p style=\"text-align: justify;\">Die gef\u00e4llten B\u00e4ume werden zum gr\u00f6\u00dften Teil auf den Inseln belassen, um so den \u00f6kologischen Wert zu steigern.<\/p>\n<p style=\"text-align: justify;\">Bezirksamt Charlottenburg-Wilmersdorf von Berlin, <a href=\"https:\/\/www.berlin.de\/ba-charlottenburg-wilmersdorf\/aktuelles\/pressemitteilungen\/2022\/pressemitteilung.1171503.php\" target=\"_blank\" rel=\"noopener\">Pressemitteilung vom 27.01.2022<\/a><\/p>\n","protected":false},"excerpt":{"rendered":"<p>Im Rahmen der Verkehrssicherheit muss der Fachbereich Gr\u00fcnfl\u00e4chen auf den Inseln im Hubertussee sowie im Halensee durch eine Baumpflegefirma in der jetzigen F\u00e4llsaison B\u00e4ume f\u00e4llen&hellip;<\/p>\n","protected":false},"author":1,"featured_media":0,"comment_status":"closed","ping_status":"closed","sticky":false,"template":"","format":"standard","meta":{"ngg_post_thumbnail":0,"iawp_total_views":0,"footnotes":""},"categories":[458],"tags":[],"class_list":["post-15564","post","type-post","status-publish","format-standard","hentry","category-nachrichtenwald"],"_links":{"self":[{"href":"https:\/\/forst-grunewald.de\/index.php?rest_route=\/wp\/v2\/posts\/15564","targetHints":{"allow":["GET"]}}],"collection":[{"href":"https:\/\/forst-grunewald.de\/index.php?rest_route=\/wp\/v2\/posts"}],"about":[{"href":"https:\/\/forst-grunewald.de\/index.php?rest_route=\/wp\/v2\/types\/post"}],"author":[{"embeddable":true,"href":"https:\/\/forst-grunewald.de\/index.php?rest_route=\/wp\/v2\/users\/1"}],"replies":[{"embeddable":true,"href":"https:\/\/forst-grunewald.de\/index.php?rest_route=%2Fwp%2Fv2%2Fcomments&post=15564"}],"version-history":[{"count":1,"href":"https:\/\/forst-grunewald.de\/index.php?rest_route=\/wp\/v2\/posts\/15564\/revisions"}],"predecessor-version":[{"id":15565,"href":"https:\/\/forst-grunewald.de\/index.php?rest_route=\/wp\/v2\/posts\/15564\/revisions\/15565"}],"wp:attachment":[{"href":"https:\/\/forst-grunewald.de\/index.php?rest_route=%2Fwp%2Fv2%2Fmedia&parent=15564"}],"wp:term":[{"taxonomy":"category","embeddable":true,"href":"https:\/\/forst-grunewald.de\/index.php?rest_route=%2Fwp%2Fv2%2Fcategories&post=15564"},{"taxonomy":"post_tag","embeddable":true,"href":"https:\/\/forst-grunewald.de\/index.php?rest_route=%2Fwp%2Fv2%2Ftags&post=15564"}],"curies":[{"name":"wp","href":"https:\/\/api.w.org\/{rel}","templated":true}]}}