{"id":15474,"date":"2022-01-16T13:49:01","date_gmt":"2022-01-16T12:49:01","guid":{"rendered":"http:\/\/forst-grunewald.de\/?p=15474"},"modified":"2022-01-16T13:49:42","modified_gmt":"2022-01-16T12:49:42","slug":"fahrraeder-und-voegel-werden-im-bezirk-gut-geschuetzt","status":"publish","type":"post","link":"https:\/\/forst-grunewald.de\/?p=15474","title":{"rendered":"Fahrr\u00e4der und V\u00f6gel werden im Bezirk gut gesch\u00fctzt"},"content":{"rendered":"<p><img decoding=\"async\" src=\"https:\/\/www.berlin.de\/imgscaler\/P6KqkZ_EiB3juwmIVYxAsIVMTjez_WuM2zAwt39n1OM\/rbig2zu1\/L3N5czExLXByb2QvYmEtY2hhcmxvdHRlbmJ1cmctd2lsbWVyc2RvcmYvYWt0dWVsbGVzL3ByZXNzZW1pdHRlaWx1bmdlbi8yMDIyL2Nyb3BfMTA5OV81MTZfNF8yMjBfMTEwM184MzJfMmUwNzUzZmNkNWQxMGM2YzUxMTcwODExODlkNWYwOGZfdm9nZWxzY2hsYWcuanBn.jpg\" \/><\/p>\n<p><span style=\"font-size: 8pt;\">Foto: <a href=\"https:\/\/www.berlin.de\/imgscaler\/P6KqkZ_EiB3juwmIVYxAsIVMTjez_WuM2zAwt39n1OM\/rbig2zu1\/L3N5czExLXByb2QvYmEtY2hhcmxvdHRlbmJ1cmctd2lsbWVyc2RvcmYvYWt0dWVsbGVzL3ByZXNzZW1pdHRlaWx1bmdlbi8yMDIyL2Nyb3BfMTA5OV81MTZfNF8yMjBfMTEwM184MzJfMmUwNzUzZmNkNWQxMGM2YzUxMTcwODExODlkNWYwOGZfdm9nZWxzY2hsYWcuanBn.jpg\" target=\"_blank\" rel=\"noopener\">BezAmt.<\/a><\/span><\/p>\n<p style=\"text-align: justify;\">In einem Pilotprojekt hat das Bezirksamt Charlottenburg-Wilmersdorf seine Fahrradgaragen im Klausenerplatz-Kiez mit Mustern gegen Vogelschlag beklebt.<\/p>\n<p style=\"text-align: justify;\">Bezirksstadtrat Oliver Schruoffeneger:<\/p>\n<blockquote><p>Die \u00fcblichen Greifvogel-Silhouetten funktionieren nicht. Die V\u00f6gel fliegen dann daneben gegen die transparenten Scheiben und verletzen sich mitunter t\u00f6dlich. Wir wollen zeigen, mit welch einfachen und \u00e4sthetisch ansprechenden Mitteln Vogelschutz erreicht werden kann.<\/p><\/blockquote>\n<p style=\"text-align: justify;\">Das Bezirksamt bittet alle Bauherren, transparente Geb\u00e4udeteile mit einem wissenschaftlich auf Wirkung gepr\u00fcften Muster auszustatten. Als Anhaltspunkt k\u00f6nnen die Forschungsergebnisse der Wiener Umweltanwaltschaft dienen:<\/p>\n<ul style=\"text-align: justify;\">\n<li><a class=\" extern\" title=\" (\u00d6ffnet in neuem Fenster)\" href=\"https:\/\/wua-wien.at\/images\/stories\/publikationen\/wua-vogelanprall-muster.pdf\" target=\"_blank\" rel=\"noopener\">https:\/\/wua-wien.at\/images\/stories\/publikationen\/wua-vogelanprall-muster.pdf<\/a><\/li>\n<\/ul>\n<p style=\"text-align: justify;\">Die Berliner Verkehrsbetriebe (<span class=\"caps\">BVG<\/span>) werden ihre Buswarteh\u00e4uschen ebenfalls nach und nach damit ausstatten.<\/p>\n<p>Quelle: Bezirksamt Charlottenburg-Wilmersdorf von Berlin, <a href=\"https:\/\/www.berlin.de\/ba-charlottenburg-wilmersdorf\/aktuelles\/pressemitteilungen\/2022\/pressemitteilung.1166376.php\" target=\"_blank\" rel=\"noopener\">Pressemitteilung vom 12.01.2022<\/a><\/p>\n","protected":false},"excerpt":{"rendered":"<p>Foto: BezAmt. In einem Pilotprojekt hat das Bezirksamt Charlottenburg-Wilmersdorf seine Fahrradgaragen im Klausenerplatz-Kiez mit Mustern gegen Vogelschlag beklebt. Bezirksstadtrat Oliver Schruoffeneger: Die \u00fcblichen Greifvogel-Silhouetten funktionieren&hellip;<\/p>\n","protected":false},"author":1,"featured_media":0,"comment_status":"open","ping_status":"closed","sticky":false,"template":"","format":"standard","meta":{"ngg_post_thumbnail":0,"iawp_total_views":1,"footnotes":""},"categories":[458],"tags":[],"class_list":["post-15474","post","type-post","status-publish","format-standard","hentry","category-nachrichtenwald"],"_links":{"self":[{"href":"https:\/\/forst-grunewald.de\/index.php?rest_route=\/wp\/v2\/posts\/15474","targetHints":{"allow":["GET"]}}],"collection":[{"href":"https:\/\/forst-grunewald.de\/index.php?rest_route=\/wp\/v2\/posts"}],"about":[{"href":"https:\/\/forst-grunewald.de\/index.php?rest_route=\/wp\/v2\/types\/post"}],"author":[{"embeddable":true,"href":"https:\/\/forst-grunewald.de\/index.php?rest_route=\/wp\/v2\/users\/1"}],"replies":[{"embeddable":true,"href":"https:\/\/forst-grunewald.de\/index.php?rest_route=%2Fwp%2Fv2%2Fcomments&post=15474"}],"version-history":[{"count":2,"href":"https:\/\/forst-grunewald.de\/index.php?rest_route=\/wp\/v2\/posts\/15474\/revisions"}],"predecessor-version":[{"id":15476,"href":"https:\/\/forst-grunewald.de\/index.php?rest_route=\/wp\/v2\/posts\/15474\/revisions\/15476"}],"wp:attachment":[{"href":"https:\/\/forst-grunewald.de\/index.php?rest_route=%2Fwp%2Fv2%2Fmedia&parent=15474"}],"wp:term":[{"taxonomy":"category","embeddable":true,"href":"https:\/\/forst-grunewald.de\/index.php?rest_route=%2Fwp%2Fv2%2Fcategories&post=15474"},{"taxonomy":"post_tag","embeddable":true,"href":"https:\/\/forst-grunewald.de\/index.php?rest_route=%2Fwp%2Fv2%2Ftags&post=15474"}],"curies":[{"name":"wp","href":"https:\/\/api.w.org\/{rel}","templated":true}]}}