{"id":15455,"date":"2021-11-22T10:38:32","date_gmt":"2021-11-22T09:38:32","guid":{"rendered":"http:\/\/forst-grunewald.de\/?p=15455"},"modified":"2021-11-22T10:51:15","modified_gmt":"2021-11-22T09:51:15","slug":"abgeordnetenhaus-jagen-in-berlin","status":"publish","type":"post","link":"https:\/\/forst-grunewald.de\/?p=15455","title":{"rendered":"Abgeordnetenhaus: Jagen in Berlin"},"content":{"rendered":"<p>Abgeordnetenhaus, Drucksache 18 \/ 28 789<\/p>\n<ul>\n<li>Schriftliche Anfrage des Abgeordneten <a href=\"https:\/\/www.parlament-berlin.de\/Abgeordnete\/thomas-seerig?groupStrategy=nachnamen\" target=\"_blank\" rel=\"noopener\">Thomas Seerig<\/a> (FDP) vom 27.10.2021<\/li>\n<li>Antwort der Senatsverwaltung f\u00fcr Umwelt, Verkehr und Klimaschutz vom 08.11.2021<\/li>\n<\/ul>\n<p>&nbsp;<\/p>\n<p><span style=\"font-size: 12pt;\"><strong>Thema: <\/strong><\/span><a href=\"https:\/\/pardok.parlament-berlin.de\/starweb\/adis\/citat\/VT\/18\/SchrAnfr\/S18-28789.pdf\" target=\"_blank\" rel=\"noopener\"><span style=\"font-size: 12pt;\"><strong>Jagen in Berlin<\/strong><\/span><\/a><\/p>\n<p>&nbsp;<\/p>\n<p style=\"text-align: justify;\"><strong>Frage 1<\/strong>: Wie gro\u00df ist die Fl\u00e4che von W\u00e4ldern auf dem Berliner Stadtgel\u00e4nde?<\/p>\n<p style=\"text-align: justify; padding-left: 40px;\"><span style=\"text-decoration: underline;\">Antwort zu 1:<\/span> Die Fl\u00e4che der W\u00e4lder innerhalb Berlins betr\u00e4gt ca. 16.500 ha.<\/p>\n<p>&nbsp;<\/p>\n<p style=\"text-align: justify;\"><strong>Frage 2<\/strong>: Wie hoch ist der Bestand an Schwarz-, Rot- und Damwild in den Berliner Forsten?<br \/>\n<strong>Frage 3:<\/strong> Wie hat sich dieser Bestand in den letzten f\u00fcnf bis zehn Jahren entwickelt?<\/p>\n<p style=\"text-align: justify; padding-left: 40px;\"><span style=\"text-decoration: underline;\">Antwort zu 2 und 3:<\/span> Der Bestand an Schwarz-, Rot- und Damwild ist nicht einsch\u00e4tzbar, da es keine Datengrundlagen zur Ermittlung des Gesamtzustandes oder der Zuwachsrate gibt. Grunds\u00e4tzlich ist die Sch\u00e4tzung von Wildbest\u00e4nden mit gro\u00dfen Unsicherheiten behaftet. Insbesondere die Anzahl an Wildschweinen unterliegt j\u00e4hrlich starken Schwankungen und h\u00e4ngt u.a. stark von biologischen und klimatischen Randfaktoren, wie dem Wetter aber auch dem Nahrungsangebot, ab.<\/p>\n<p>&nbsp;<\/p>\n<p style=\"text-align: justify;\"><strong>Frage 4:<\/strong> Angesichts von zum Beispiel bis zu drei W\u00fcrfen pro Jahr bei Wildschweinen, wie wird einem exponentiellen Wachstum begegnet?<\/p>\n<p style=\"text-align: justify; padding-left: 40px;\"><span style=\"text-decoration: underline;\">Antwort zu 4:<\/span> Um eine nachhaltige Reduzierung der Wildschweinpopulation zu erreichen, werden auf der gesamten Fl\u00e4che Berlins zus\u00e4tzlich zu der Jagdaus\u00fcbung durch Jagdaus\u00fcbungsberechtigte der Berliner Forsten Begehungsscheininhaberinnen und -inhaber in den Verwaltungsjagdbezirken und im Stadtgebiet Stadtj\u00e4gerinnen und -j\u00e4gern eingesetzt.<\/p>\n<p>&nbsp;<\/p>\n<p style=\"text-align: justify;\"><strong>Frage 5:<\/strong> Wie viele J\u00e4ger und J\u00e4gerinnen sind mit dem Abschuss von Wild in Berlin befasst?<\/p>\n<p style=\"text-align: justify; padding-left: 40px;\"><span style=\"text-decoration: underline;\">Antwort zu 5:<\/span> Mit dem Abschuss von Wild in Berlin sind circa 260 bis 270 Jagende befasst.<\/p>\n<p>&nbsp;<\/p>\n<p style=\"text-align: justify;\"><strong>Frage 6:<\/strong> Wie hat sich deren Zahl in den letzten zehn Jahren entwickelt?<\/p>\n<p style=\"text-align: justify; padding-left: 40px;\"><span style=\"text-decoration: underline;\">Antwort zu 6:<\/span> Die Zahl der aktiven J\u00e4gerinnen und J\u00e4ger ist in den letzten Jahren leicht angestiegen.<\/p>\n<p>&nbsp;<\/p>\n<p style=\"text-align: justify;\"><strong>Frage 7:<\/strong> Wie viele Tiere \u2013 Schwarz-, Rot- und Damwild \u2013 werden durchschnittlich pro Jahr in Berlin zur Strecke gebracht?<\/p>\n<p style=\"text-align: justify; padding-left: 40px;\"><span style=\"text-decoration: underline;\">Antwort zu 7:<\/span> Die durchschnittliche Strecke bei Schwarzwild bel\u00e4uft sich auf ca. 1800. Die durchschnittliche Strecke bei Damwild bel\u00e4uft sich auf ca. 45. Rotwild kommt in Berlin in der Regel nicht vor.<\/p>\n<p>&nbsp;<\/p>\n<p style=\"text-align: justify;\"><strong>Frage 8:<\/strong> In welcher Form erfolgt deren Verwertung? Inwieweit wird die Strecke also \u00fcber Wildh\u00e4ndler in den Verkauf gebracht?<br \/>\n<strong>Frage 9:<\/strong> Wenn nein, warum nicht?<\/p>\n<p style=\"text-align: justify; padding-left: 40px;\"><span style=\"text-decoration: underline;\">Antwort zu 8 und 9:<\/span> Die Verwertung erfolgt \u00fcberwiegend in Form der Vermarktung \u00fcber Wildh\u00e4ndler und des Direktverkaufs an Gastst\u00e4tten. In einer weiteren Verwertungsform wird das Wild an die Erlegerin oder den Erleger abgegeben und zum eigenen Verzehr genutzt.<\/p>\n<p>&nbsp;<\/p>\n<p style=\"text-align: justify;\"><strong>Frage 10:<\/strong> Wenn ja, welche Erl\u00f6se werden durchschnittlich damit realisiert?<\/p>\n<p style=\"text-align: justify; padding-left: 40px;\"><span style=\"text-decoration: underline;\">Antwort zu 10:<\/span> Eine Aufgliederung der Erl\u00f6se von Wildbret nach Abnehmergruppen liegt dem Senat nicht vor. Die Gesamtsumme der Einnahmen aus Wildbretverkauf durch die Berliner Forsten bel\u00e4uft sich im Durchschnitt auf ca. 105.000 \u20ac pro Jahr. Wie hoch die Erl\u00f6se der privaten J\u00e4gerinnen und J\u00e4ger sind, ist dem Senat nicht bekannt.<\/p>\n<p>&nbsp;<\/p>\n<p style=\"text-align: justify;\"><strong>Frage 11:<\/strong> Wie wird angesichts der intensiven ganzj\u00e4hrigen Nutzung der W\u00e4lder in Berlin durch die Anwohnerinnen und Anwohner \u2013 zum Teil mit Hunden &#8211; die Sicherheit von Passanten bei der Jagd gew\u00e4hrleistet?<\/p>\n<p style=\"text-align: justify; padding-left: 40px;\"><span style=\"text-decoration: underline;\">Antwort zu 11:<\/span> Die Sicherheit im Rahmen der Jagdaus\u00fcbung wird durch die sorgf\u00e4ltige Auswahl qualifizierter und sorgsamer Jagdaus\u00fcbungsberechtigen, wiederkehrende Unterweisungen und \u00dcberpr\u00fcfungen im Bereich der Sicherheitsanforderungen sowie der umfassenden Informationserteilung gegen\u00fcber B\u00fcrgerinnen und B\u00fcrger vor der Durchf\u00fchrung von Jagden in den W\u00e4ldern Berlins gew\u00e4hrleistet.<\/p>\n<p>&nbsp;<\/p>\n<p style=\"text-align: justify;\"><strong>Frage 12:<\/strong> Wie viele Menschen und Hunde wurden in den letzten zehn Jahren durch die Jagd in Berlins Forsten versehentlich verletzt oder gar get\u00f6tet?<\/p>\n<p style=\"text-align: justify; padding-left: 40px;\"><span style=\"text-decoration: underline;\">Antwort zu 12:<\/span> Dem Senat sind f\u00fcr die letzten zehn Jahre keine Vorf\u00e4lle bekannt.<\/p>\n<p>&nbsp;<\/p>\n","protected":false},"excerpt":{"rendered":"<p>Abgeordnetenhaus, Drucksache 18 \/ 28 789 Schriftliche Anfrage des Abgeordneten Thomas Seerig (FDP) vom 27.10.2021 Antwort der Senatsverwaltung f\u00fcr Umwelt, Verkehr und Klimaschutz vom 08.11.2021&hellip;<\/p>\n","protected":false},"author":1,"featured_media":0,"comment_status":"closed","ping_status":"closed","sticky":false,"template":"","format":"standard","meta":{"ngg_post_thumbnail":0,"iawp_total_views":2,"footnotes":""},"categories":[458],"tags":[],"class_list":["post-15455","post","type-post","status-publish","format-standard","hentry","category-nachrichtenwald"],"_links":{"self":[{"href":"https:\/\/forst-grunewald.de\/index.php?rest_route=\/wp\/v2\/posts\/15455","targetHints":{"allow":["GET"]}}],"collection":[{"href":"https:\/\/forst-grunewald.de\/index.php?rest_route=\/wp\/v2\/posts"}],"about":[{"href":"https:\/\/forst-grunewald.de\/index.php?rest_route=\/wp\/v2\/types\/post"}],"author":[{"embeddable":true,"href":"https:\/\/forst-grunewald.de\/index.php?rest_route=\/wp\/v2\/users\/1"}],"replies":[{"embeddable":true,"href":"https:\/\/forst-grunewald.de\/index.php?rest_route=%2Fwp%2Fv2%2Fcomments&post=15455"}],"version-history":[{"count":6,"href":"https:\/\/forst-grunewald.de\/index.php?rest_route=\/wp\/v2\/posts\/15455\/revisions"}],"predecessor-version":[{"id":15461,"href":"https:\/\/forst-grunewald.de\/index.php?rest_route=\/wp\/v2\/posts\/15455\/revisions\/15461"}],"wp:attachment":[{"href":"https:\/\/forst-grunewald.de\/index.php?rest_route=%2Fwp%2Fv2%2Fmedia&parent=15455"}],"wp:term":[{"taxonomy":"category","embeddable":true,"href":"https:\/\/forst-grunewald.de\/index.php?rest_route=%2Fwp%2Fv2%2Fcategories&post=15455"},{"taxonomy":"post_tag","embeddable":true,"href":"https:\/\/forst-grunewald.de\/index.php?rest_route=%2Fwp%2Fv2%2Ftags&post=15455"}],"curies":[{"name":"wp","href":"https:\/\/api.w.org\/{rel}","templated":true}]}}