{"id":15204,"date":"2021-07-28T18:47:45","date_gmt":"2021-07-28T17:47:45","guid":{"rendered":"http:\/\/forst-grunewald.de\/?p=15204"},"modified":"2021-07-28T18:48:13","modified_gmt":"2021-07-28T17:48:13","slug":"baumfaellungen-am-schlachtensee-verstossen-gegen-das-naturschutzgesetz","status":"publish","type":"post","link":"https:\/\/forst-grunewald.de\/?p=15204","title":{"rendered":"Baumf\u00e4llungen am Schlachtensee versto\u00dfen gegen das Naturschutzgesetz"},"content":{"rendered":"<p style=\"text-align: justify;\"><span style=\"font-size: 12pt;\"><strong>Umweltverb\u00e4nde kritisieren F\u00e4llpolitik der Berliner Forsten<\/strong><\/span><\/p>\n<p style=\"text-align: justify;\">Der NABU Berlin, der BUND Berlin und die Berliner Landesarbeitsgemeinschaft Naturschutz (BLN) kritisieren die j\u00fcngst erfolgten Baumf\u00e4llungen w\u00e4hrend der Brutzeit als nicht hinnehmbar. Die Berliner Forsten haben am Schlachtensee etwa 100 B\u00e4ume gef\u00e4llt, darunter viele alte Eichen. Grund war angeblich die Verkehrssicherungspflicht, doch h\u00e4tte sich ein Gro\u00dfteil der B\u00e4ume trotz ihrer Sch\u00e4den noch regenerieren k\u00f6nnen.<\/p>\n<p style=\"text-align: justify;\">Die F\u00e4llpolitik der Berliner Forsten, die sich in diesem Vorgang ausdr\u00fcckt, bereitet den Verb\u00e4nden Sorge, da sie auf Dauer Berlins wertvolle Waldsubstanz gef\u00e4hrdet. Lebensr\u00e4ume f\u00fcr holzbewohnende lnsekten sowie Baumh\u00f6hlen und Spalten f\u00fcr V\u00f6gel und Flederm\u00e4use, die von enormer Bedeutung f\u00fcr den Artenschutz sind, drohen verloren zu gehen. \u201eGerade alte Eichen sind erwiesenerma\u00dfen \u00e4u\u00dferst wertvolle Habitate, nicht nur f\u00fcr V\u00f6gel und andere Wirbeltiere, sondern auch f\u00fcr viele Insekten&#8220;, sagt Ansgar Poloczek vom NABU Berlin.<\/p>\n<p style=\"text-align: justify;\"><strong>Zahllose B\u00e4ume betroffen<\/strong><\/p>\n<p style=\"text-align: justify;\">Da der Wald verst\u00e4rkt an Trockenstress leidet, werden an immer mehr B\u00e4umen Sch\u00e4den sichtbar. Deshalb dringen die Verb\u00e4nde darauf, dass die Berliner Forsten eine Strategie entwickeln, wie mit solchen B\u00e4umen umzugehen ist, zumal sich die Lage durch den Klimawandel weiter zuspitzen wird. \u201eKeine Option ist es, in Panik B\u00e4ume zu f\u00e4llen, die Trockenheitssch\u00e4den aufweisen\u201c, sagt Manfred Krau\u00df vom BUND Berlin, \u201edann m\u00fcssten wahrscheinlich 80 Prozent der B\u00e4ume gef\u00e4llt werden.\u201c Statt dessen lie\u00dfen sich tote \u00c4ste und Kronenteile entlang von Stra\u00dfen und Wegen mittels Seilzugangstechnik oder Hubsteiger entfernen. \u201eSollte nicht ausreichend Ger\u00e4t oder Personal zur Verf\u00fcgung stehen, m\u00fcssen diese entweder geleast oder Auftr\u00e4ge an Fremdfirmen vergeben werden\u201c, fordert Krau\u00df.Die Verb\u00e4nde haben ihre Kritik und Forderungen in einem Schreiben an Senatorin Regine G\u00fcnter und Staatssekret\u00e4r Stefan Tidow der zust\u00e4ndigen Senatsverwaltung f\u00fcr Umwelt, Verkehr und Klimaschutz (SenUVK) formuliert. Diese m\u00fcssen die ihnen unterstellten Berliner Forsten unbedingt von der bisherigen Praxis der Verkehrssicherung abbringen. \u201eWie aus der Forstverwaltung zu erfahren war, betr\u00e4fe das sonst eine sechs- bis siebenstelligen Anzahl von Waldb\u00e4umen\u201c, sagt Manfred Schubert, Gesch\u00e4ftsf\u00fchrer der BLN. \u201eGerade die Berliner Forsten m\u00fcssen geltendes Recht, die Schutzgebietsausweisungen und den Artenschutz ber\u00fccksichtigen\u201c, mahnt Schubert.<\/p>\n<p>Quelle: Nabu Berlin, Pressemitteilung vom 28.07.2021<\/p>\n","protected":false},"excerpt":{"rendered":"<p>Umweltverb\u00e4nde kritisieren F\u00e4llpolitik der Berliner Forsten Der NABU Berlin, der BUND Berlin und die Berliner Landesarbeitsgemeinschaft Naturschutz (BLN) kritisieren die j\u00fcngst erfolgten Baumf\u00e4llungen w\u00e4hrend der&hellip;<\/p>\n","protected":false},"author":1,"featured_media":0,"comment_status":"closed","ping_status":"closed","sticky":false,"template":"","format":"standard","meta":{"ngg_post_thumbnail":0,"iawp_total_views":0,"footnotes":""},"categories":[458],"tags":[],"class_list":["post-15204","post","type-post","status-publish","format-standard","hentry","category-nachrichtenwald"],"_links":{"self":[{"href":"https:\/\/forst-grunewald.de\/index.php?rest_route=\/wp\/v2\/posts\/15204","targetHints":{"allow":["GET"]}}],"collection":[{"href":"https:\/\/forst-grunewald.de\/index.php?rest_route=\/wp\/v2\/posts"}],"about":[{"href":"https:\/\/forst-grunewald.de\/index.php?rest_route=\/wp\/v2\/types\/post"}],"author":[{"embeddable":true,"href":"https:\/\/forst-grunewald.de\/index.php?rest_route=\/wp\/v2\/users\/1"}],"replies":[{"embeddable":true,"href":"https:\/\/forst-grunewald.de\/index.php?rest_route=%2Fwp%2Fv2%2Fcomments&post=15204"}],"version-history":[{"count":1,"href":"https:\/\/forst-grunewald.de\/index.php?rest_route=\/wp\/v2\/posts\/15204\/revisions"}],"predecessor-version":[{"id":15205,"href":"https:\/\/forst-grunewald.de\/index.php?rest_route=\/wp\/v2\/posts\/15204\/revisions\/15205"}],"wp:attachment":[{"href":"https:\/\/forst-grunewald.de\/index.php?rest_route=%2Fwp%2Fv2%2Fmedia&parent=15204"}],"wp:term":[{"taxonomy":"category","embeddable":true,"href":"https:\/\/forst-grunewald.de\/index.php?rest_route=%2Fwp%2Fv2%2Fcategories&post=15204"},{"taxonomy":"post_tag","embeddable":true,"href":"https:\/\/forst-grunewald.de\/index.php?rest_route=%2Fwp%2Fv2%2Ftags&post=15204"}],"curies":[{"name":"wp","href":"https:\/\/api.w.org\/{rel}","templated":true}]}}