{"id":13921,"date":"2020-02-03T12:26:32","date_gmt":"2020-02-03T11:26:32","guid":{"rendered":"http:\/\/forst-grunewald.de\/?p=13921"},"modified":"2020-02-03T12:27:34","modified_gmt":"2020-02-03T11:27:34","slug":"abgeordnetenhaus-im-herbst-2019-wurden-im-grunewald-598-150-baeume-geplanzt","status":"publish","type":"post","link":"https:\/\/forst-grunewald.de\/?p=13921","title":{"rendered":"Abgeordnetenhaus: Im Herbst 2019 wurden im Grunewald 58.150 B\u00e4ume geplanzt"},"content":{"rendered":"<p>Aus dem Abgeordnetenhaus (Drucksache <a href=\"http:\/\/pardok.parlament-berlin.de\/starweb\/adis\/citat\/VT\/18\/SchrAnfr\/S18-22034.pdf\" target=\"_blank\" rel=\"noopener noreferrer\">18\/22034<\/a> vom 21.01.2020):<\/p>\n<p>Im Herbst 2019 wurden in den Berliner W\u00e4ldern &#8211; \u00fcberwiegend im Rahmen des Mischwaldprogramms &#8211; insgesamt 468.240 B\u00e4ume gepflanzt (einschl. der Fl\u00e4chen der Berliner Forsten im Umland, ohne Umland: 310.650 B\u00e4ume).<\/p>\n<p>37.350 B\u00e4ume: Forstamt Tegel<br \/>\n58.150 B\u00e4ume: Forstamt Gruneald<br \/>\n322.850 B\u00e4ume Forstamt K\u00f6penick<br \/>\n49.890 B\u00e4um: Forstamt Pankow<\/p>\n<p>_____<\/p>\n<p>468.240 B\u00e4ume Summe<\/p>\n<p>=====<\/p>\n","protected":false},"excerpt":{"rendered":"<p>Aus dem Abgeordnetenhaus (Drucksache 18\/22034 vom 21.01.2020): Im Herbst 2019 wurden in den Berliner W\u00e4ldern &#8211; \u00fcberwiegend im Rahmen des Mischwaldprogramms &#8211; insgesamt 468.240 B\u00e4ume&hellip;<\/p>\n","protected":false},"author":1,"featured_media":0,"comment_status":"closed","ping_status":"closed","sticky":false,"template":"","format":"standard","meta":{"ngg_post_thumbnail":0,"iawp_total_views":2,"footnotes":""},"categories":[458],"tags":[],"class_list":["post-13921","post","type-post","status-publish","format-standard","hentry","category-nachrichtenwald"],"_links":{"self":[{"href":"https:\/\/forst-grunewald.de\/index.php?rest_route=\/wp\/v2\/posts\/13921","targetHints":{"allow":["GET"]}}],"collection":[{"href":"https:\/\/forst-grunewald.de\/index.php?rest_route=\/wp\/v2\/posts"}],"about":[{"href":"https:\/\/forst-grunewald.de\/index.php?rest_route=\/wp\/v2\/types\/post"}],"author":[{"embeddable":true,"href":"https:\/\/forst-grunewald.de\/index.php?rest_route=\/wp\/v2\/users\/1"}],"replies":[{"embeddable":true,"href":"https:\/\/forst-grunewald.de\/index.php?rest_route=%2Fwp%2Fv2%2Fcomments&post=13921"}],"version-history":[{"count":3,"href":"https:\/\/forst-grunewald.de\/index.php?rest_route=\/wp\/v2\/posts\/13921\/revisions"}],"predecessor-version":[{"id":13924,"href":"https:\/\/forst-grunewald.de\/index.php?rest_route=\/wp\/v2\/posts\/13921\/revisions\/13924"}],"wp:attachment":[{"href":"https:\/\/forst-grunewald.de\/index.php?rest_route=%2Fwp%2Fv2%2Fmedia&parent=13921"}],"wp:term":[{"taxonomy":"category","embeddable":true,"href":"https:\/\/forst-grunewald.de\/index.php?rest_route=%2Fwp%2Fv2%2Fcategories&post=13921"},{"taxonomy":"post_tag","embeddable":true,"href":"https:\/\/forst-grunewald.de\/index.php?rest_route=%2Fwp%2Fv2%2Ftags&post=13921"}],"curies":[{"name":"wp","href":"https:\/\/api.w.org\/{rel}","templated":true}]}}