{"id":13915,"date":"2020-01-29T21:45:21","date_gmt":"2020-01-29T20:45:21","guid":{"rendered":"http:\/\/forst-grunewald.de\/?p=13915"},"modified":"2020-01-29T21:47:49","modified_gmt":"2020-01-29T20:47:49","slug":"der-himmel-ueber-berlin-fledermaeuse-bevorzugen-dunkle-gebiete-in-der-hell-erleuchteten-stadt","status":"publish","type":"post","link":"https:\/\/forst-grunewald.de\/?p=13915","title":{"rendered":"Der Himmel \u00fcber Berlin: Flederm\u00e4use bevorzugen dunkle Gebiete in der hell erleuchteten Stadt"},"content":{"rendered":"<p>Leibniz-Institut f\u00fcr Zoo- und Wildtierforschung (IZW)<br \/>\nim Forschungsverbund Berlin e.V., Pressemitteilung vom 20.12.2019:<\/p>\n<ul>\n<li><a href=\"http:\/\/www.izw-berlin.de\/pressemitteilung\/der-himmel-ueber-berlin-fledermaeuse-bevorzugen-dunkle-gebiete-in-der-hell-erleuchteten-stadt.html\" target=\"_blank\" rel=\"noopener noreferrer\">Der Himmel \u00fcber Berlin: Flederm\u00e4use bevorzugen dunkle Gebiete in der hell erleuchteten Stadt<\/a><\/li>\n<\/ul>\n<p>&nbsp;<\/p>\n<p>&nbsp;<\/p>\n","protected":false},"excerpt":{"rendered":"<p>Leibniz-Institut f\u00fcr Zoo- und Wildtierforschung (IZW) im Forschungsverbund Berlin e.V., Pressemitteilung vom 20.12.2019: Der Himmel \u00fcber Berlin: Flederm\u00e4use bevorzugen dunkle Gebiete in der hell erleuchteten&hellip;<\/p>\n","protected":false},"author":1,"featured_media":0,"comment_status":"closed","ping_status":"closed","sticky":false,"template":"","format":"standard","meta":{"ngg_post_thumbnail":0,"iawp_total_views":0,"footnotes":""},"categories":[458],"tags":[],"class_list":["post-13915","post","type-post","status-publish","format-standard","hentry","category-nachrichtenwald"],"_links":{"self":[{"href":"https:\/\/forst-grunewald.de\/index.php?rest_route=\/wp\/v2\/posts\/13915","targetHints":{"allow":["GET"]}}],"collection":[{"href":"https:\/\/forst-grunewald.de\/index.php?rest_route=\/wp\/v2\/posts"}],"about":[{"href":"https:\/\/forst-grunewald.de\/index.php?rest_route=\/wp\/v2\/types\/post"}],"author":[{"embeddable":true,"href":"https:\/\/forst-grunewald.de\/index.php?rest_route=\/wp\/v2\/users\/1"}],"replies":[{"embeddable":true,"href":"https:\/\/forst-grunewald.de\/index.php?rest_route=%2Fwp%2Fv2%2Fcomments&post=13915"}],"version-history":[{"count":2,"href":"https:\/\/forst-grunewald.de\/index.php?rest_route=\/wp\/v2\/posts\/13915\/revisions"}],"predecessor-version":[{"id":13917,"href":"https:\/\/forst-grunewald.de\/index.php?rest_route=\/wp\/v2\/posts\/13915\/revisions\/13917"}],"wp:attachment":[{"href":"https:\/\/forst-grunewald.de\/index.php?rest_route=%2Fwp%2Fv2%2Fmedia&parent=13915"}],"wp:term":[{"taxonomy":"category","embeddable":true,"href":"https:\/\/forst-grunewald.de\/index.php?rest_route=%2Fwp%2Fv2%2Fcategories&post=13915"},{"taxonomy":"post_tag","embeddable":true,"href":"https:\/\/forst-grunewald.de\/index.php?rest_route=%2Fwp%2Fv2%2Ftags&post=13915"}],"curies":[{"name":"wp","href":"https:\/\/api.w.org\/{rel}","templated":true}]}}